{"id":3138,"date":"2025-02-09T17:27:51","date_gmt":"2025-02-09T17:27:51","guid":{"rendered":"https:\/\/tamaulipasmiregion.com\/?p=3138"},"modified":"2025-02-28T17:28:50","modified_gmt":"2025-02-28T17:28:50","slug":"la-uat-reafirma-alianzas-para-fortalecer-la-educacion-superior-en-el-noreste-de-mexico","status":"publish","type":"post","link":"https:\/\/tamaulipasmiregion.com\/?p=3138","title":{"rendered":"La UAT reafirma alianzas para fortalecer la educaci\u00f3n superior en el noreste de M\u00e9xico"},"content":{"rendered":"<p>El rector de la Universidad Aut\u00f3noma de Tamaulipas (UAT), D\u00e1maso Anaya Alvarado,<br \/>\nparticip\u00f3 en la reuni\u00f3n de trabajo de las Universidades Estatales P\u00fablicas de la Regi\u00f3n<br \/>\nNoreste, organizada por la Asociaci\u00f3n Nacional de Universidades e Instituciones de<br \/>\nEducaci\u00f3n Superior (ANUIES).<br \/>\nEn el encuentro celebrado en la Universidad Aut\u00f3noma de Coahuila (UADEC), se integr\u00f3 el<br \/>\nConsejo Regional Noreste de la ANUIES, bajo la presidencia de Alejandro Javier Zerme\u00f1o<br \/>\nGuerra, rector de la Universidad Aut\u00f3noma de San Luis Potos\u00ed (UASLP), quien present\u00f3 las<br \/>\nl\u00edneas estrat\u00e9gicas del Plan de Trabajo 2025-2029.<br \/>\nEl rector de la UADEC Jes\u00fas Octavio Pimentel Mart\u00ednez dio el mensaje de bienvenida y<br \/>\napertura de la sesi\u00f3n en donde se expusieron los ejes del plan de trabajo, destac\u00e1ndose el<br \/>\nfortalecimiento de la educaci\u00f3n superior con equidad y pertinencia, la vinculaci\u00f3n con los<br \/>\nsectores productivo y social, el desarrollo sostenible y la transparencia institucional.<br \/>\nPor su parte, el rector de la UAT subray\u00f3 la importancia de este tipo de encuentros, se\u00f1alando<br \/>\nque el trabajo conjunto permite fortalecer la educaci\u00f3n superior y generar nuevas<br \/>\noportunidades de colaboraci\u00f3n en beneficio de las comunidades universitarias.<br \/>\nAsimismo, destac\u00f3 el compromiso de la UAT con la mejora continua de sus programas<br \/>\nacad\u00e9micos, la inclusi\u00f3n educativa y el desarrollo de proyectos que favorezcan el bienestar<br \/>\nestudiantil y social.<br \/>\nLa participaci\u00f3n del rector D\u00e1maso Anaya en este evento permite a la UAT consolidar<br \/>\nalianzas estrat\u00e9gicas con otras universidades y actores clave en el sector educativo, fortalecer<br \/>\nsu posici\u00f3n dentro del sistema educativo superior y generar nuevas oportunidades para los<br \/>\nestudiantes.<br \/>\nPor otro lado, en el marco de la reuni\u00f3n, se acord\u00f3 la creaci\u00f3n de la Red Regional de<br \/>\nComunicaci\u00f3n, la Red de Innovaci\u00f3n y Desarrollo Tecnol\u00f3gico, y la Red de Inclusi\u00f3n y<br \/>\nBienestar Universitario, que permitir\u00e1n fortalecer la investigaci\u00f3n, la transferencia de<br \/>\nconocimiento y la accesibilidad entre las instituciones de educaci\u00f3n superior de la regi\u00f3n.<\/p>\n","protected":false},"excerpt":{"rendered":"El rector de la Universidad Aut\u00f3noma de Tamaulipas (UAT), D\u00e1maso Anaya Alvarado, particip\u00f3 en la reuni\u00f3n de trabajo de las Universidades Estatales P\u00fablicas de la Regi\u00f3n Noreste, organizada por la Asociaci\u00f3n Nacional de Universidades e Instituciones de Educaci\u00f3n Superior (ANUIES). En el encuentro celebrado en la Universidad Aut\u00f3noma de Coahuila (UADEC), se integr\u00f3 el Consejo","protected":false},"author":1,"featured_media":3139,"comment_status":"open","ping_status":"open","sticky":false,"template":"","format":"standard","meta":{"_monsterinsights_skip_tracking":false,"_monsterinsights_sitenote_active":false,"_monsterinsights_sitenote_note":"","_monsterinsights_sitenote_category":0,"footnotes":""},"categories":[3],"tags":[],"class_list":["post-3138","post","type-post","status-publish","format-standard","has-post-thumbnail","hentry","category-noticias"],"aioseo_notices":[],"amp_enabled":true,"_links":{"self":[{"href":"https:\/\/tamaulipasmiregion.com\/index.php?rest_route=\/wp\/v2\/posts\/3138","targetHints":{"allow":["GET"]}}],"collection":[{"href":"https:\/\/tamaulipasmiregion.com\/index.php?rest_route=\/wp\/v2\/posts"}],"about":[{"href":"https:\/\/tamaulipasmiregion.com\/index.php?rest_route=\/wp\/v2\/types\/post"}],"author":[{"embeddable":true,"href":"https:\/\/tamaulipasmiregion.com\/index.php?rest_route=\/wp\/v2\/users\/1"}],"replies":[{"embeddable":true,"href":"https:\/\/tamaulipasmiregion.com\/index.php?rest_route=%2Fwp%2Fv2%2Fcomments&post=3138"}],"version-history":[{"count":2,"href":"https:\/\/tamaulipasmiregion.com\/index.php?rest_route=\/wp\/v2\/posts\/3138\/revisions"}],"predecessor-version":[{"id":3141,"href":"https:\/\/tamaulipasmiregion.com\/index.php?rest_route=\/wp\/v2\/posts\/3138\/revisions\/3141"}],"wp:featuredmedia":[{"embeddable":true,"href":"https:\/\/tamaulipasmiregion.com\/index.php?rest_route=\/wp\/v2\/media\/3139"}],"wp:attachment":[{"href":"https:\/\/tamaulipasmiregion.com\/index.php?rest_route=%2Fwp%2Fv2%2Fmedia&parent=3138"}],"wp:term":[{"taxonomy":"category","embeddable":true,"href":"https:\/\/tamaulipasmiregion.com\/index.php?rest_route=%2Fwp%2Fv2%2Fcategories&post=3138"},{"taxonomy":"post_tag","embeddable":true,"href":"https:\/\/tamaulipasmiregion.com\/index.php?rest_route=%2Fwp%2Fv2%2Ftags&post=3138"}],"curies":[{"name":"wp","href":"https:\/\/api.w.org\/{rel}","templated":true}]}}