{"id":3142,"date":"2025-02-10T17:31:20","date_gmt":"2025-02-10T17:31:20","guid":{"rendered":"https:\/\/tamaulipasmiregion.com\/?p=3142"},"modified":"2025-02-28T17:32:03","modified_gmt":"2025-02-28T17:32:03","slug":"la-uat-y-la-utrgv-organizan-encuentro-binacional-sobre-estudios-de-frontera","status":"publish","type":"post","link":"https:\/\/tamaulipasmiregion.com\/?p=3142","title":{"rendered":"La UAT y la UTRGV organizan encuentro binacional sobre Estudios de Frontera"},"content":{"rendered":"<p>La Universidad Aut\u00f3noma de Tamaulipas (UAT) a trav\u00e9s de la Unidad Acad\u00e9mica<br \/>\nMultidisciplinaria Matamoros, en colaboraci\u00f3n con la Universidad de Texas Valle del Rio<br \/>\nGrande (UTRGV, por sus siglas en ingl\u00e9s) llevar\u00e1 a el 7\u00ba. Congreso Internacional de Estudios<br \/>\nde Frontera \u00abComplejidades Fronterizas\u00bb, del 19 al 21 de febrero de 2025.<br \/>\nCon un enfoque multidisciplinario y la participaci\u00f3n de casi un centenar de acad\u00e9micos<br \/>\nprovenientes de alrededor de 30 instituciones nacionales e internacionales, este congreso<br \/>\nse ha consolidado como un referente en el an\u00e1lisis de las din\u00e1micas fronterizas, abordando<br \/>\nlos retos y oportunidades que enfrentan las comunidades situadas en estas regiones.<br \/>\nEn esta s\u00e9ptima edici\u00f3n, el congreso busca replantear metodolog\u00edas de estudios fronterizos,<br \/>\nreconociendo la creciente complejidad que caracteriza a estos territorios.<br \/>\nLa jornada inaugural es el 19 de febrero, en Matamoros, Tamaulipas, para continuar los d\u00edas<br \/>\n20 y 21, en la ciudad de Edinburg, Texas, con ponencias, paneles, mesas redondas y<br \/>\nexposici\u00f3n de proyectos sobre temas de las fronteras desde una perspectiva<br \/>\nmultidisciplinaria.<br \/>\nLa participaci\u00f3n de la UAT destaca por la intervenci\u00f3n de sus investigadores en exposiciones<br \/>\nsobre econom\u00eda, pol\u00edtica y el contexto global, con enfoques en fronteras internacionales,<br \/>\nmedio ambiente, tecnolog\u00eda, salud y migraci\u00f3n.<br \/>\nEl Congreso Internacional de Estudios de Frontera representa una plataforma de di\u00e1logo y<br \/>\ncolaboraci\u00f3n que permite el intercambio de conocimientos y experiencias entre<br \/>\ninvestigadores, acad\u00e9micos, estudiantes y especialistas en la materia.<br \/>\nLa cercan\u00eda geogr\u00e1fica entre M\u00e9xico y Estados Unidos, y la estrecha relaci\u00f3n entre la UAT y<br \/>\nla UTRGV, hacen de este foro un espacio id\u00f3neo para el an\u00e1lisis de los desaf\u00edos y<br \/>\noportunidades que emergen en las regiones fronterizas.<br \/>\nA lo largo de sus anteriores ediciones, este congreso ha generado redes de investigaci\u00f3n y<br \/>\ncooperaci\u00f3n acad\u00e9mica que han dado lugar a publicaciones, proyectos conjuntos y<br \/>\nestrategias para la comprensi\u00f3n y soluci\u00f3n de problem\u00e1ticas en la frontera.<\/p>\n","protected":false},"excerpt":{"rendered":"La Universidad Aut\u00f3noma de Tamaulipas (UAT) a trav\u00e9s de la Unidad Acad\u00e9mica Multidisciplinaria Matamoros, en colaboraci\u00f3n con la Universidad de Texas Valle del Rio Grande (UTRGV, por sus siglas en ingl\u00e9s) llevar\u00e1 a el 7\u00ba. Congreso Internacional de Estudios de Frontera \u00abComplejidades Fronterizas\u00bb, del 19 al 21 de febrero de 2025. Con un enfoque multidisciplinario","protected":false},"author":1,"featured_media":3143,"comment_status":"open","ping_status":"open","sticky":false,"template":"","format":"standard","meta":{"_monsterinsights_skip_tracking":false,"_monsterinsights_sitenote_active":false,"_monsterinsights_sitenote_note":"","_monsterinsights_sitenote_category":0,"footnotes":""},"categories":[3],"tags":[],"class_list":["post-3142","post","type-post","status-publish","format-standard","has-post-thumbnail","hentry","category-noticias"],"aioseo_notices":[],"amp_enabled":true,"_links":{"self":[{"href":"https:\/\/tamaulipasmiregion.com\/index.php?rest_route=\/wp\/v2\/posts\/3142","targetHints":{"allow":["GET"]}}],"collection":[{"href":"https:\/\/tamaulipasmiregion.com\/index.php?rest_route=\/wp\/v2\/posts"}],"about":[{"href":"https:\/\/tamaulipasmiregion.com\/index.php?rest_route=\/wp\/v2\/types\/post"}],"author":[{"embeddable":true,"href":"https:\/\/tamaulipasmiregion.com\/index.php?rest_route=\/wp\/v2\/users\/1"}],"replies":[{"embeddable":true,"href":"https:\/\/tamaulipasmiregion.com\/index.php?rest_route=%2Fwp%2Fv2%2Fcomments&post=3142"}],"version-history":[{"count":1,"href":"https:\/\/tamaulipasmiregion.com\/index.php?rest_route=\/wp\/v2\/posts\/3142\/revisions"}],"predecessor-version":[{"id":3144,"href":"https:\/\/tamaulipasmiregion.com\/index.php?rest_route=\/wp\/v2\/posts\/3142\/revisions\/3144"}],"wp:featuredmedia":[{"embeddable":true,"href":"https:\/\/tamaulipasmiregion.com\/index.php?rest_route=\/wp\/v2\/media\/3143"}],"wp:attachment":[{"href":"https:\/\/tamaulipasmiregion.com\/index.php?rest_route=%2Fwp%2Fv2%2Fmedia&parent=3142"}],"wp:term":[{"taxonomy":"category","embeddable":true,"href":"https:\/\/tamaulipasmiregion.com\/index.php?rest_route=%2Fwp%2Fv2%2Fcategories&post=3142"},{"taxonomy":"post_tag","embeddable":true,"href":"https:\/\/tamaulipasmiregion.com\/index.php?rest_route=%2Fwp%2Fv2%2Ftags&post=3142"}],"curies":[{"name":"wp","href":"https:\/\/api.w.org\/{rel}","templated":true}]}}