{"id":3145,"date":"2025-02-11T17:34:10","date_gmt":"2025-02-11T17:34:10","guid":{"rendered":"https:\/\/tamaulipasmiregion.com\/?p=3145"},"modified":"2025-02-28T17:35:49","modified_gmt":"2025-02-28T17:35:49","slug":"rector-de-la-uat-inaugura-obras-y-fortalece-infraestructura-en-la-facultad-de-derecho-victoria","status":"publish","type":"post","link":"https:\/\/tamaulipasmiregion.com\/?p=3145","title":{"rendered":"Rector de la UAT inaugura obras y fortalece infraestructura en la Facultad de Derecho Victoria"},"content":{"rendered":"<p>Reafirmando su compromiso con el crecimiento acad\u00e9mico y la mejora de la infraestructura<br \/>\nuniversitaria, el rector de la Universidad Aut\u00f3noma de Tamaulipas (UAT), D\u00e1maso Anaya<br \/>\nAlvarado, recorri\u00f3 la Facultad de Derecho y Ciencias Sociales Victoria (FDCSV), donde<br \/>\ninaugur\u00f3 diversas obras y sostuvo un encuentro con la comunidad de esta casa de estudios.<br \/>\nAcompa\u00f1ado por el director de la Facultad, Edy Izaguirre Trevi\u00f1o, y directores de las<br \/>\ndependencias acad\u00e9micas de la UAT, D\u00e1maso Anaya puso en marcha nuevos espacios<br \/>\nestrat\u00e9gicos que fortalecer\u00e1n la formaci\u00f3n de las y los estudiantes.<br \/>\nSubray\u00f3 que estos avances forman parte del plan de trabajo derivado de los recorridos de<br \/>\ndiagn\u00f3stico que realiz\u00f3 hace un a\u00f1o por todas las dependencias de la universidad en el<br \/>\nestado, reflejando as\u00ed el cumplimiento de los compromisos adquiridos con la comunidad<br \/>\nacad\u00e9mica y estudiantil.<br \/>\nDestac\u00f3 que las acciones de mejoramiento integral de la m\u00e1xima casa de estudios van de la<br \/>\nmano con los directores y directoras de los 27 planteles de la UAT, adem\u00e1s de estar alineados<br \/>\ncon las pol\u00edticas del Gobierno del Estado y en permanente vinculaci\u00f3n con los sectores de la<br \/>\nsociedad, para impulsar nuevas oportunidades de desarrollo en beneficio del alumnado.<br \/>\nComo parte de la jornada, el rector devel\u00f3 una placa conmemorativa de la remodelaci\u00f3n de<br \/>\nlas oficinas del edificio de posgrado, y la apertura de nuevos salones para los programas de<br \/>\nmaestr\u00eda en \u00e1reas como Derecho, Ciencia Pol\u00edtica y Comunicaci\u00f3n.<br \/>\nPosteriormente, inaugur\u00f3 la nueva fachada del estacionamiento, as\u00ed como la campana<br \/>\nuniversitaria, un nuevo espacio en el que, de manera simb\u00f3lica, las y los reci\u00e9n titulados<br \/>\ncelebrar\u00e1n su logro acad\u00e9mico. Y, precisamente en este marco, el rector acompa\u00f1\u00f3 a tres<br \/>\nexalumnas y sus familias en esta emotiva ceremonia, resaltando la trascendencia de este<br \/>\nacto en la vida universitaria.<br \/>\nM\u00e1s adelante, inaugur\u00f3 cinco nuevos salones destinados para la Licenciatura en Negocios<br \/>\nInternacionales y devel\u00f3 la placa del edificio que alberga estas nuevas instalaciones. Al final<br \/>\ndel recorrido, inaugur\u00f3 la remodelaci\u00f3n del emblem\u00e1tico auditorio \u201cDr. Bartolo Pablo<br \/>\nRodr\u00edguez Cepeda\u201d y sostuvo una reuni\u00f3n di\u00e1logo con estudiantes quienes destacaron la<br \/>\nimportancia de convivir con el rector para expresarle de manera directa sus inquietudes y<br \/>\npropuestas.<\/p>\n","protected":false},"excerpt":{"rendered":"Reafirmando su compromiso con el crecimiento acad\u00e9mico y la mejora de la infraestructura universitaria, el rector de la Universidad Aut\u00f3noma de Tamaulipas (UAT), D\u00e1maso Anaya Alvarado, recorri\u00f3 la Facultad de Derecho y Ciencias Sociales Victoria (FDCSV), donde inaugur\u00f3 diversas obras y sostuvo un encuentro con la comunidad de esta casa de estudios. Acompa\u00f1ado por el","protected":false},"author":1,"featured_media":3146,"comment_status":"open","ping_status":"open","sticky":false,"template":"","format":"standard","meta":{"_monsterinsights_skip_tracking":false,"_monsterinsights_sitenote_active":false,"_monsterinsights_sitenote_note":"","_monsterinsights_sitenote_category":0,"footnotes":""},"categories":[3],"tags":[],"class_list":["post-3145","post","type-post","status-publish","format-standard","has-post-thumbnail","hentry","category-noticias"],"aioseo_notices":[],"amp_enabled":true,"_links":{"self":[{"href":"https:\/\/tamaulipasmiregion.com\/index.php?rest_route=\/wp\/v2\/posts\/3145","targetHints":{"allow":["GET"]}}],"collection":[{"href":"https:\/\/tamaulipasmiregion.com\/index.php?rest_route=\/wp\/v2\/posts"}],"about":[{"href":"https:\/\/tamaulipasmiregion.com\/index.php?rest_route=\/wp\/v2\/types\/post"}],"author":[{"embeddable":true,"href":"https:\/\/tamaulipasmiregion.com\/index.php?rest_route=\/wp\/v2\/users\/1"}],"replies":[{"embeddable":true,"href":"https:\/\/tamaulipasmiregion.com\/index.php?rest_route=%2Fwp%2Fv2%2Fcomments&post=3145"}],"version-history":[{"count":1,"href":"https:\/\/tamaulipasmiregion.com\/index.php?rest_route=\/wp\/v2\/posts\/3145\/revisions"}],"predecessor-version":[{"id":3147,"href":"https:\/\/tamaulipasmiregion.com\/index.php?rest_route=\/wp\/v2\/posts\/3145\/revisions\/3147"}],"wp:featuredmedia":[{"embeddable":true,"href":"https:\/\/tamaulipasmiregion.com\/index.php?rest_route=\/wp\/v2\/media\/3146"}],"wp:attachment":[{"href":"https:\/\/tamaulipasmiregion.com\/index.php?rest_route=%2Fwp%2Fv2%2Fmedia&parent=3145"}],"wp:term":[{"taxonomy":"category","embeddable":true,"href":"https:\/\/tamaulipasmiregion.com\/index.php?rest_route=%2Fwp%2Fv2%2Fcategories&post=3145"},{"taxonomy":"post_tag","embeddable":true,"href":"https:\/\/tamaulipasmiregion.com\/index.php?rest_route=%2Fwp%2Fv2%2Ftags&post=3145"}],"curies":[{"name":"wp","href":"https:\/\/api.w.org\/{rel}","templated":true}]}}