{"id":3156,"date":"2025-02-14T17:47:38","date_gmt":"2025-02-14T17:47:38","guid":{"rendered":"https:\/\/tamaulipasmiregion.com\/?p=3156"},"modified":"2025-02-28T17:48:33","modified_gmt":"2025-02-28T17:48:33","slug":"participan-en-programas-de-movilidad-mas-de-140-estudiantes-y-docentes-de-la-uat","status":"publish","type":"post","link":"https:\/\/tamaulipasmiregion.com\/?p=3156","title":{"rendered":"Participan en programas de movilidad m\u00e1s de 140 estudiantes y docentes de la UAT"},"content":{"rendered":"<p>\u2022 El rector D\u00e1maso Anaya promueve una mayor asistencia de universitarios en<br \/>\nestancias acad\u00e9micas nacionales e internacionales.<br \/>\nLa Universidad Aut\u00f3noma de Tamaulipas (UAT) sigue consolid\u00e1ndose como un referente en<br \/>\ninternacionalizaci\u00f3n y fortalecimiento acad\u00e9mico, ofreciendo a sus estudiantes y docentes<br \/>\nla oportunidad de enriquecer su formaci\u00f3n mediante programas de movilidad.<br \/>\nEste esfuerzo, impulsado por el rector D\u00e1maso Anaya Alvarado, reafirma el compromiso de<br \/>\nla UAT por fomentar la participaci\u00f3n en estancias acad\u00e9micas, pr\u00e1cticas profesionales e<br \/>\ninvestigaci\u00f3n en diversas instituciones de educaci\u00f3n superior y organizaciones p\u00fablicas o<br \/>\nprivadas.<br \/>\nEn este contexto, 149 miembros de la UAT, durante 2024, ampliaron sus horizontes al cursar<br \/>\nestudios en instituciones de renombre, tanto a nivel nacional como internacional; y se<br \/>\ndestac\u00f3 la participaci\u00f3n de 124 estudiantes de programas de licenciatura e ingenier\u00eda,<br \/>\nseguidos por 25 estudiantes de posgrado.<br \/>\nEn cuanto a los destinos, 83 estudiantes optaron por realizar su movilidad en M\u00e9xico;<br \/>\nmientras que 66 decidieron expandir su experiencia al extranjero, en pa\u00edses como Colombia<br \/>\ny Espa\u00f1a. Las instituciones m\u00e1s solicitadas incluyeron la Universidad Veracruzana, la<br \/>\nUniversidad Santo Tom\u00e1s, en Bogot\u00e1, Colombia, y la Universidad de Burgos, en Espa\u00f1a.<br \/>\nLas facultades de la UAT con mayor participaci\u00f3n son Enfermer\u00eda Victoria, Derecho y Ciencias<br \/>\nSociales Victoria, Facultad de Arquitectura, Dise\u00f1o y Urbanismo, Ciencias de la Educaci\u00f3n y<br \/>\nHumanidades, y las facultades de Comercio y Administraci\u00f3n de Tampico y Victoria.<br \/>\nA trav\u00e9s de estas acciones, la UAT reafirma su compromiso al ofrecer valiosas oportunidades<br \/>\npara que su comunidad acad\u00e9mica pueda desarrollarse en un contexto global, fortaleciendo<br \/>\nlos lazos con instituciones educativas dentro y fuera del pa\u00eds.<\/p>\n","protected":false},"excerpt":{"rendered":"\u2022 El rector D\u00e1maso Anaya promueve una mayor asistencia de universitarios en estancias acad\u00e9micas nacionales e internacionales. La Universidad Aut\u00f3noma de Tamaulipas (UAT) sigue consolid\u00e1ndose como un referente en internacionalizaci\u00f3n y fortalecimiento acad\u00e9mico, ofreciendo a sus estudiantes y docentes la oportunidad de enriquecer su formaci\u00f3n mediante programas de movilidad. Este esfuerzo, impulsado por el rector","protected":false},"author":1,"featured_media":3157,"comment_status":"open","ping_status":"open","sticky":false,"template":"","format":"standard","meta":{"_monsterinsights_skip_tracking":false,"_monsterinsights_sitenote_active":false,"_monsterinsights_sitenote_note":"","_monsterinsights_sitenote_category":0,"footnotes":""},"categories":[3],"tags":[],"class_list":["post-3156","post","type-post","status-publish","format-standard","has-post-thumbnail","hentry","category-noticias"],"aioseo_notices":[],"amp_enabled":true,"_links":{"self":[{"href":"https:\/\/tamaulipasmiregion.com\/index.php?rest_route=\/wp\/v2\/posts\/3156","targetHints":{"allow":["GET"]}}],"collection":[{"href":"https:\/\/tamaulipasmiregion.com\/index.php?rest_route=\/wp\/v2\/posts"}],"about":[{"href":"https:\/\/tamaulipasmiregion.com\/index.php?rest_route=\/wp\/v2\/types\/post"}],"author":[{"embeddable":true,"href":"https:\/\/tamaulipasmiregion.com\/index.php?rest_route=\/wp\/v2\/users\/1"}],"replies":[{"embeddable":true,"href":"https:\/\/tamaulipasmiregion.com\/index.php?rest_route=%2Fwp%2Fv2%2Fcomments&post=3156"}],"version-history":[{"count":1,"href":"https:\/\/tamaulipasmiregion.com\/index.php?rest_route=\/wp\/v2\/posts\/3156\/revisions"}],"predecessor-version":[{"id":3158,"href":"https:\/\/tamaulipasmiregion.com\/index.php?rest_route=\/wp\/v2\/posts\/3156\/revisions\/3158"}],"wp:featuredmedia":[{"embeddable":true,"href":"https:\/\/tamaulipasmiregion.com\/index.php?rest_route=\/wp\/v2\/media\/3157"}],"wp:attachment":[{"href":"https:\/\/tamaulipasmiregion.com\/index.php?rest_route=%2Fwp%2Fv2%2Fmedia&parent=3156"}],"wp:term":[{"taxonomy":"category","embeddable":true,"href":"https:\/\/tamaulipasmiregion.com\/index.php?rest_route=%2Fwp%2Fv2%2Fcategories&post=3156"},{"taxonomy":"post_tag","embeddable":true,"href":"https:\/\/tamaulipasmiregion.com\/index.php?rest_route=%2Fwp%2Fv2%2Ftags&post=3156"}],"curies":[{"name":"wp","href":"https:\/\/api.w.org\/{rel}","templated":true}]}}