{"id":3171,"date":"2025-02-19T18:09:17","date_gmt":"2025-02-19T18:09:17","guid":{"rendered":"https:\/\/tamaulipasmiregion.com\/?p=3171"},"modified":"2025-02-28T18:10:32","modified_gmt":"2025-02-28T18:10:32","slug":"rector-de-la-uat-inaugura-congreso-especializado-en-estudios-de-frontera","status":"publish","type":"post","link":"https:\/\/tamaulipasmiregion.com\/?p=3171","title":{"rendered":"Rector de la UAT inaugura congreso especializado en estudios de frontera"},"content":{"rendered":"<p>El rector de la Universidad Aut\u00f3noma de Tamaulipas (UAT), D\u00e1maso Anaya Alvarado,<br \/>\ninaugur\u00f3 el VII Congreso Internacional Estudios de Frontera 2025 \u201cComplejidades<br \/>\nFronterizas\u201d, organizado en colaboraci\u00f3n con la Universidad de Texas Valle del R\u00edo Grande<br \/>\n(UTRGV, por sus siglas en ingl\u00e9s).<br \/>\nEn la ceremonia de apertura, celebrada en la Unidad Acad\u00e9mica Multidisciplinaria<br \/>\nMatamoros, el rector destac\u00f3 que este congreso es un foro fundamental para la reflexi\u00f3n y<br \/>\nel an\u00e1lisis sobre las din\u00e1micas que impactan a las regiones fronterizas.<br \/>\nAcompa\u00f1ado por el subsecretario general de la UAT zona norte, Ignacio Hern\u00e1ndez<br \/>\nRodr\u00edguez, y la directora de la UAM Matamoros, Yolanda Castillo Muraira, D\u00e1maso Anaya<br \/>\ndio la bienvenida al vicerrector de Programas de Estudios Internacionales de la UTRGV,<br \/>\nJaime Ortiz, quien particip\u00f3 de manera virtual en la ceremonia.<br \/>\nEn su mensaje, el rector destac\u00f3 la relevancia de abordar temas de la frontera entre<br \/>\nTamaulipas y Texas, como un punto de convergencia de fen\u00f3menos migratorios,<br \/>\necon\u00f3micos, culturales y ambientales, que requieren una perspectiva multidisciplinaria y<br \/>\nsoluciones bilaterales fundamentadas en el conocimiento cient\u00edfico.<br \/>\nAsimismo, expres\u00f3 su reconocimiento a la UTRGV por su colaboraci\u00f3n continua, y reafirm\u00f3<br \/>\nel compromiso de la UAT en fortalecer alianzas estrat\u00e9gicas que contribuyan al desarrollo<br \/>\nacad\u00e9mico y social de ambas naciones.<br \/>\nPor su parte, Jaime Ortiz elogi\u00f3 el compromiso de la UAT con la investigaci\u00f3n y el an\u00e1lisis de<br \/>\nla realidad fronteriza, resaltando la importancia de la colaboraci\u00f3n entre ambas<br \/>\ninstituciones; y manifest\u00f3 su confianza en que las reflexiones y propuestas derivadas del<br \/>\ncongreso contribuir\u00e1n a la formulaci\u00f3n de pol\u00edticas p\u00fablicas que mejoren las condiciones de<br \/>\nvida en la regi\u00f3n.<br \/>\nEl congreso inici\u00f3 el 19 de febrero en Matamoros, continuando los d\u00edas 20 y 21 de febrero<br \/>\nen la ciudad de Edinburg, Texas.<br \/>\nMediante la presentaci\u00f3n de ponencias, paneles, mesas redondas y exposiciones de<br \/>\nproyectos, se desarrolla en la modalidad mixta con la participaci\u00f3n de expertos de casi<br \/>\ntreinta instituciones nacionales e internacionales en \u00e1reas como fronteras, migraci\u00f3n, salud<br \/>\np\u00fablica, pol\u00edticas transfronterizas, medio ambiente, econom\u00eda y cultura.<\/p>\n","protected":false},"excerpt":{"rendered":"El rector de la Universidad Aut\u00f3noma de Tamaulipas (UAT), D\u00e1maso Anaya Alvarado, inaugur\u00f3 el VII Congreso Internacional Estudios de Frontera 2025 \u201cComplejidades Fronterizas\u201d, organizado en colaboraci\u00f3n con la Universidad de Texas Valle del R\u00edo Grande (UTRGV, por sus siglas en ingl\u00e9s). En la ceremonia de apertura, celebrada en la Unidad Acad\u00e9mica Multidisciplinaria Matamoros, el rector","protected":false},"author":1,"featured_media":3172,"comment_status":"open","ping_status":"open","sticky":false,"template":"","format":"standard","meta":{"_monsterinsights_skip_tracking":false,"_monsterinsights_sitenote_active":false,"_monsterinsights_sitenote_note":"","_monsterinsights_sitenote_category":0,"footnotes":""},"categories":[3],"tags":[],"class_list":["post-3171","post","type-post","status-publish","format-standard","has-post-thumbnail","hentry","category-noticias"],"aioseo_notices":[],"amp_enabled":true,"_links":{"self":[{"href":"https:\/\/tamaulipasmiregion.com\/index.php?rest_route=\/wp\/v2\/posts\/3171","targetHints":{"allow":["GET"]}}],"collection":[{"href":"https:\/\/tamaulipasmiregion.com\/index.php?rest_route=\/wp\/v2\/posts"}],"about":[{"href":"https:\/\/tamaulipasmiregion.com\/index.php?rest_route=\/wp\/v2\/types\/post"}],"author":[{"embeddable":true,"href":"https:\/\/tamaulipasmiregion.com\/index.php?rest_route=\/wp\/v2\/users\/1"}],"replies":[{"embeddable":true,"href":"https:\/\/tamaulipasmiregion.com\/index.php?rest_route=%2Fwp%2Fv2%2Fcomments&post=3171"}],"version-history":[{"count":1,"href":"https:\/\/tamaulipasmiregion.com\/index.php?rest_route=\/wp\/v2\/posts\/3171\/revisions"}],"predecessor-version":[{"id":3173,"href":"https:\/\/tamaulipasmiregion.com\/index.php?rest_route=\/wp\/v2\/posts\/3171\/revisions\/3173"}],"wp:featuredmedia":[{"embeddable":true,"href":"https:\/\/tamaulipasmiregion.com\/index.php?rest_route=\/wp\/v2\/media\/3172"}],"wp:attachment":[{"href":"https:\/\/tamaulipasmiregion.com\/index.php?rest_route=%2Fwp%2Fv2%2Fmedia&parent=3171"}],"wp:term":[{"taxonomy":"category","embeddable":true,"href":"https:\/\/tamaulipasmiregion.com\/index.php?rest_route=%2Fwp%2Fv2%2Fcategories&post=3171"},{"taxonomy":"post_tag","embeddable":true,"href":"https:\/\/tamaulipasmiregion.com\/index.php?rest_route=%2Fwp%2Fv2%2Ftags&post=3171"}],"curies":[{"name":"wp","href":"https:\/\/api.w.org\/{rel}","templated":true}]}}