{"id":3174,"date":"2025-02-20T18:22:06","date_gmt":"2025-02-20T18:22:06","guid":{"rendered":"https:\/\/tamaulipasmiregion.com\/?p=3174"},"modified":"2025-02-28T18:23:03","modified_gmt":"2025-02-28T18:23:03","slug":"rector-de-la-uat-impulsa-desarrollo-de-la-facultad-de-medicina-matamoros","status":"publish","type":"post","link":"https:\/\/tamaulipasmiregion.com\/?p=3174","title":{"rendered":"Rector de la UAT impulsa desarrollo de la Facultad de Medicina Matamoros"},"content":{"rendered":"<p>Como parte de su compromiso para impulsar el desarrollo de las dependencias acad\u00e9micas<br \/>\nde la Universidad Aut\u00f3noma de Tamaulipas (UAT), el rector D\u00e1maso Anaya Alvarado visit\u00f3<br \/>\nla Facultad de Medicina Matamoros (FMM), en donde sostuvo reuniones con estudiantes y<br \/>\ndocentes, y supervis\u00f3 los avances de obras y remodelaciones de este plantel.<br \/>\nLuego de una emotiva recepci\u00f3n por parte de la comunidad estudiantil, D\u00e1maso Anaya<br \/>\ncomenz\u00f3 su recorrido por la direcci\u00f3n y \u00e1reas administrativas, expresando su prop\u00f3sito de<br \/>\nmantener un acercamiento constante para impulsar la transformaci\u00f3n de la casa de<br \/>\nestudios, atendiendo las demandas y retos de la educaci\u00f3n superior en Tamaulipas.<br \/>\nAcompa\u00f1ado del director de la FMM, Pedro Luis Mendoza M\u00fazquiz, y del enlace<br \/>\ninstitucional de la UAT Zona Norte, Ignacio Hern\u00e1ndez Rodr\u00edguez, el rector supervis\u00f3 el<br \/>\nprogreso de las obras que se est\u00e1n realizando para proporcionar espacios m\u00e1s modernos y<br \/>\nfuncionales.<br \/>\nEntre estas se destaca la reconstrucci\u00f3n del Centro de Excelencia, un proyecto orientado a<br \/>\nconsolidar un espacio de vanguardia para la formaci\u00f3n profesional; la construcci\u00f3n de una<br \/>\nnueva bodega general; as\u00ed como trabajos de impermeabilizaci\u00f3n en los edificios.<br \/>\nDurante este recorrido, D\u00e1maso Anaya destac\u00f3 que el mejoramiento de la infraestructura<br \/>\nimpacta directamente en la calidad educativa y en el desarrollo integral de los estudiantes,<br \/>\nquienes se benefician de espacios m\u00e1s seguros y adecuados para su formaci\u00f3n.<br \/>\nEn otra parte de su visita, el rector se reuni\u00f3 con la planta docente, reafirmando el<br \/>\ncompromiso de escuchar sus planteamientos y atender las necesidades de quienes, con su<br \/>\ndedicaci\u00f3n y experiencia, forman a los futuros m\u00e9dicos, buscando siempre la calidad<br \/>\neducativa.<br \/>\nPosteriormente, se reuni\u00f3 con estudiantes, quienes le compartieron sus opiniones y<br \/>\nexpectativas sobre el desarrollo de su Facultad.<br \/>\nD\u00e1maso Anaya reiter\u00f3 el prop\u00f3sito de continuar este tipo de ejercicios, con los que se unen<br \/>\nesfuerzos para seguir construyendo los espacios que brinden un entorno adecuado para la<br \/>\neducaci\u00f3n profesional, siempre velando por el bienestar integral de todos los universitarios.<\/p>\n","protected":false},"excerpt":{"rendered":"Como parte de su compromiso para impulsar el desarrollo de las dependencias acad\u00e9micas de la Universidad Aut\u00f3noma de Tamaulipas (UAT), el rector D\u00e1maso Anaya Alvarado visit\u00f3 la Facultad de Medicina Matamoros (FMM), en donde sostuvo reuniones con estudiantes y docentes, y supervis\u00f3 los avances de obras y remodelaciones de este plantel. Luego de una emotiva","protected":false},"author":1,"featured_media":3175,"comment_status":"open","ping_status":"open","sticky":false,"template":"","format":"standard","meta":{"_monsterinsights_skip_tracking":false,"_monsterinsights_sitenote_active":false,"_monsterinsights_sitenote_note":"","_monsterinsights_sitenote_category":0,"footnotes":""},"categories":[3],"tags":[],"class_list":["post-3174","post","type-post","status-publish","format-standard","has-post-thumbnail","hentry","category-noticias"],"aioseo_notices":[],"amp_enabled":true,"_links":{"self":[{"href":"https:\/\/tamaulipasmiregion.com\/index.php?rest_route=\/wp\/v2\/posts\/3174","targetHints":{"allow":["GET"]}}],"collection":[{"href":"https:\/\/tamaulipasmiregion.com\/index.php?rest_route=\/wp\/v2\/posts"}],"about":[{"href":"https:\/\/tamaulipasmiregion.com\/index.php?rest_route=\/wp\/v2\/types\/post"}],"author":[{"embeddable":true,"href":"https:\/\/tamaulipasmiregion.com\/index.php?rest_route=\/wp\/v2\/users\/1"}],"replies":[{"embeddable":true,"href":"https:\/\/tamaulipasmiregion.com\/index.php?rest_route=%2Fwp%2Fv2%2Fcomments&post=3174"}],"version-history":[{"count":1,"href":"https:\/\/tamaulipasmiregion.com\/index.php?rest_route=\/wp\/v2\/posts\/3174\/revisions"}],"predecessor-version":[{"id":3176,"href":"https:\/\/tamaulipasmiregion.com\/index.php?rest_route=\/wp\/v2\/posts\/3174\/revisions\/3176"}],"wp:featuredmedia":[{"embeddable":true,"href":"https:\/\/tamaulipasmiregion.com\/index.php?rest_route=\/wp\/v2\/media\/3175"}],"wp:attachment":[{"href":"https:\/\/tamaulipasmiregion.com\/index.php?rest_route=%2Fwp%2Fv2%2Fmedia&parent=3174"}],"wp:term":[{"taxonomy":"category","embeddable":true,"href":"https:\/\/tamaulipasmiregion.com\/index.php?rest_route=%2Fwp%2Fv2%2Fcategories&post=3174"},{"taxonomy":"post_tag","embeddable":true,"href":"https:\/\/tamaulipasmiregion.com\/index.php?rest_route=%2Fwp%2Fv2%2Ftags&post=3174"}],"curies":[{"name":"wp","href":"https:\/\/api.w.org\/{rel}","templated":true}]}}