{"id":3177,"date":"2025-02-21T18:25:07","date_gmt":"2025-02-21T18:25:07","guid":{"rendered":"https:\/\/tamaulipasmiregion.com\/?p=3177"},"modified":"2025-02-28T18:25:50","modified_gmt":"2025-02-28T18:25:50","slug":"preside-rector-damaso-anaya-celebracion-del-33-aniversario-de-radio-uat","status":"publish","type":"post","link":"https:\/\/tamaulipasmiregion.com\/?p=3177","title":{"rendered":"Preside rector D\u00e1maso Anaya celebraci\u00f3n del 33 aniversario de Radio UAT"},"content":{"rendered":"<p>La Universidad Aut\u00f3noma de Tamaulipas celebr\u00f3 el 33 aniversario de Radio UAT, en un<br \/>\nevento que presidi\u00f3 este viernes 21 de febrero el rector de la m\u00e1xima casa de estudios del<br \/>\nestado, D\u00e1maso Anaya Alvarado.<br \/>\nComo parte de la ceremonia, el rector hizo un recorrido por las instalaciones de la radio y<br \/>\nentreg\u00f3 reconocimientos a colaboradores que han sido pieza fundamental en la trayectoria<br \/>\nde esta emisora universitaria.<br \/>\nDurante su visita constat\u00f3 el trabajo que se realiza diariamente en la difusi\u00f3n de los logros<br \/>\nacad\u00e9micos, cient\u00edficos, culturales y deportivos de la Universidad, adem\u00e1s de felicitar al<br \/>\npersonal de las diferentes \u00e1reas y departamentos, acompa\u00f1ado por la secretaria general de<br \/>\nla UAT, Mar\u00eda Concepci\u00f3n Placencia Valadez, y el secretario de Comunicaci\u00f3n y Difusi\u00f3n,<br \/>\nManuel Mario Aguilar Gonz\u00e1lez.<br \/>\nLuego de la bienvenida por parte del director de Radio UAT, Jalil Alejandro Abraham Trevi\u00f1o,<br \/>\nel rector fue invitado a participar en una entrevista en el programa \u201cCon Mucho Gusto\u201d,<br \/>\ndonde se mostr\u00f3 orgulloso de la trayectoria de esta emisora y destac\u00f3 su papel crucial en la<br \/>\npromoci\u00f3n de los valores universitarios.<br \/>\n\u201cEstamos muy contentos de poder celebrar estos 33 a\u00f1os. Es un honor estar aqu\u00ed con<br \/>\nustedes y reconocer todo lo que se ha logrado a lo largo de este tiempo\u201d, expres\u00f3 D\u00e1maso<br \/>\nAnaya.<br \/>\nDijo tambi\u00e9n que Radio UAT ha sido clave para fortalecer la presencia de la casa de estudios<br \/>\nen las diferentes regiones del estado, y reiter\u00f3 el compromiso de la Universidad con el<br \/>\nprogreso de la educaci\u00f3n y el bienestar de los tamaulipecos, destacando que la emisora es<br \/>\nun canal crucial para llegar a las comunidades m\u00e1s alejadas.<br \/>\nEntre los colaboradores que recibieron reconocimientos est\u00e1n Mar\u00eda Concepci\u00f3n Plascencia<br \/>\nValadez, Gilberto Bulfeda de la Luz, Lorena Isabel Zapata Flores, Jos\u00e9 Mac\u00edas de Le\u00f3n, as\u00ed<br \/>\ncomo los integrantes del Consejo Ciudadano de Radio UAT, Pedro Mier Llaguno y Rodolfo<br \/>\nHiguera Ter\u00e1n.<br \/>\nA su vez, el rector felicit\u00f3 a Radio UAT por haber recibido el premio por su participaci\u00f3n en<br \/>\nNoticiero Cient\u00edfico y Cultural Iberoamericano (NCC), que subraya la labor de la emisora en<br \/>\nla divulgaci\u00f3n de la ciencia, la tecnolog\u00eda y la cultura.<br \/>\nDurante la celebraci\u00f3n, se destac\u00f3 el apoyo sin precedentes que la actual administraci\u00f3n<br \/>\nrectoral le ha dado a la estaci\u00f3n radiof\u00f3nica, misma que ha permitido expandir su cobertura<br \/>\na la zona conurbada de Tampico, Madero, Altamira y la parte norte de Veracruz, gracias a la<br \/>\npuesta en marcha de la frecuencia XHCPAZ 105.1 FM, adem\u00e1s de la renovaci\u00f3n de los<br \/>\nequipos t\u00e9cnicos con nuevos transmisores que aumentan significativamente su potencia.<\/p>\n","protected":false},"excerpt":{"rendered":"La Universidad Aut\u00f3noma de Tamaulipas celebr\u00f3 el 33 aniversario de Radio UAT, en un evento que presidi\u00f3 este viernes 21 de febrero el rector de la m\u00e1xima casa de estudios del estado, D\u00e1maso Anaya Alvarado. Como parte de la ceremonia, el rector hizo un recorrido por las instalaciones de la radio y entreg\u00f3 reconocimientos a","protected":false},"author":1,"featured_media":3178,"comment_status":"open","ping_status":"open","sticky":false,"template":"","format":"standard","meta":{"_monsterinsights_skip_tracking":false,"_monsterinsights_sitenote_active":false,"_monsterinsights_sitenote_note":"","_monsterinsights_sitenote_category":0,"footnotes":""},"categories":[3],"tags":[],"class_list":["post-3177","post","type-post","status-publish","format-standard","has-post-thumbnail","hentry","category-noticias"],"aioseo_notices":[],"amp_enabled":true,"_links":{"self":[{"href":"https:\/\/tamaulipasmiregion.com\/index.php?rest_route=\/wp\/v2\/posts\/3177","targetHints":{"allow":["GET"]}}],"collection":[{"href":"https:\/\/tamaulipasmiregion.com\/index.php?rest_route=\/wp\/v2\/posts"}],"about":[{"href":"https:\/\/tamaulipasmiregion.com\/index.php?rest_route=\/wp\/v2\/types\/post"}],"author":[{"embeddable":true,"href":"https:\/\/tamaulipasmiregion.com\/index.php?rest_route=\/wp\/v2\/users\/1"}],"replies":[{"embeddable":true,"href":"https:\/\/tamaulipasmiregion.com\/index.php?rest_route=%2Fwp%2Fv2%2Fcomments&post=3177"}],"version-history":[{"count":1,"href":"https:\/\/tamaulipasmiregion.com\/index.php?rest_route=\/wp\/v2\/posts\/3177\/revisions"}],"predecessor-version":[{"id":3179,"href":"https:\/\/tamaulipasmiregion.com\/index.php?rest_route=\/wp\/v2\/posts\/3177\/revisions\/3179"}],"wp:featuredmedia":[{"embeddable":true,"href":"https:\/\/tamaulipasmiregion.com\/index.php?rest_route=\/wp\/v2\/media\/3178"}],"wp:attachment":[{"href":"https:\/\/tamaulipasmiregion.com\/index.php?rest_route=%2Fwp%2Fv2%2Fmedia&parent=3177"}],"wp:term":[{"taxonomy":"category","embeddable":true,"href":"https:\/\/tamaulipasmiregion.com\/index.php?rest_route=%2Fwp%2Fv2%2Fcategories&post=3177"},{"taxonomy":"post_tag","embeddable":true,"href":"https:\/\/tamaulipasmiregion.com\/index.php?rest_route=%2Fwp%2Fv2%2Ftags&post=3177"}],"curies":[{"name":"wp","href":"https:\/\/api.w.org\/{rel}","templated":true}]}}