{"id":3202,"date":"2025-03-01T01:04:38","date_gmt":"2025-03-01T01:04:38","guid":{"rendered":"https:\/\/tamaulipasmiregion.com\/?p=3202"},"modified":"2025-03-01T01:04:39","modified_gmt":"2025-03-01T01:04:39","slug":"ricardo-monreal-expone-en-la-uat-conferencia-sobre-la-reforma-al-poder-judicial","status":"publish","type":"post","link":"https:\/\/tamaulipasmiregion.com\/?p=3202","title":{"rendered":"Ricardo Monreal expone en la UAT conferencia sobre la reforma al Poder Judicial"},"content":{"rendered":"<p>El diputado federal, Ricardo Monreal \u00c1vila, presidente de la Junta de Coordinaci\u00f3n Pol\u00edtica<br \/>\nde la C\u00e1mara de Diputados, visit\u00f3 este viernes la Universidad Aut\u00f3noma de Tamaulipas<br \/>\n(UAT) para impartir la conferencia \u201cLa reforma al Poder Judicial\u201d, y presentar su libro<br \/>\nConstituci\u00f3n del pueblo de M\u00e9xico. Su actualidad y trayectoria.<br \/>\nEl evento, realizado en el Centro de Excelencia del Campus Victoria, cont\u00f3 con la presencia<br \/>\ndel gobernador, Am\u00e9rico Villarreal Anaya, y del rector de la UAT, D\u00e1maso Anaya Alvarado,<br \/>\nquienes resaltaron la importancia de este encuentro como un espacio de an\u00e1lisis sobre los<br \/>\ncambios legislativos en curso.<br \/>\nAnte la comunidad universitaria que sigui\u00f3 la conferencia, tanto de manera presencial como<br \/>\nen la modalidad virtual, el diputado federal abord\u00f3 los aspectos clave de la reforma al Poder<br \/>\nJudicial, y comparti\u00f3 sus reflexiones sobre los cambios, retos y oportunidades en el sistema<br \/>\nde justicia del pa\u00eds.<br \/>\nMonreal \u00c1vila explic\u00f3 c\u00f3mo la reforma busca modernizar las instituciones judiciales,<br \/>\ngarantizar una mayor transparencia en los procesos y asegurar que los jueces y tribunales<br \/>\ncuenten con los mecanismos necesarios para actuar de manera justa y equitativa.<br \/>\nAsimismo, agradeci\u00f3 la invitaci\u00f3n del rector y destac\u00f3 que la UAT es la primera instituci\u00f3n<br \/>\nen la que presenta oficialmente su nuevo libro sobre reformas constitucionales, incluso<br \/>\nantes de su lanzamiento editorial.<br \/>\nA su vez, record\u00f3 el trabajo que desarroll\u00f3 en conjunto con el gobernador de Tamaulipas<br \/>\ndesde el Senado, impulsando la construcci\u00f3n de reformas clave como la pol\u00edtica social del<br \/>\nEstado, la creaci\u00f3n de la Guardia Nacional y la revocaci\u00f3n de mandato.<br \/>\nPor su parte, el gobernador Am\u00e9rico Villarreal subray\u00f3 la importancia de difundir, entre los<br \/>\nuniversitarios, los puntos centrales de la reforma al Poder Judicial, y agradeci\u00f3 a la UAT por<br \/>\nsu contribuci\u00f3n en la difusi\u00f3n y an\u00e1lisis de estos cambios.<br \/>\nA\u00f1adi\u00f3 que Tamaulipas es el \u00fanico estado que la implementar\u00e1 al cien por ciento en 2025,<br \/>\nlo que garantizar\u00e1 mayor transparencia, equidad de g\u00e9nero y participaci\u00f3n ciudadana en la<br \/>\nelecci\u00f3n de jueces y magistrados.<br \/>\nEn su oportunidad, el rector D\u00e1maso Anaya Alvarado destac\u00f3 que la exposici\u00f3n de Ricardo<br \/>\nMonreal fortalece el conocimiento y la comprensi\u00f3n de los estudiantes en temas cruciales<br \/>\npara el futuro del pa\u00eds.<br \/>\nReiter\u00f3 el prop\u00f3sito de que la UAT sea el foro de discusi\u00f3n acad\u00e9mica en temas de<br \/>\ntrascendencia nacional, como en este caso, en que permite analizar la reforma judicial como<br \/>\nun paso hacia un sistema de justicia m\u00e1s transparente e independiente.<br \/>\nAl concluir la conferencia, el gobernador Am\u00e9rico Villarreal entreg\u00f3 un reconocimiento al<br \/>\nDr. Ricardo Monreal \u00c1vila por su contribuci\u00f3n al an\u00e1lisis legislativo y acad\u00e9mico.<br \/>\nCabe destacar, que el evento fue presenciado por m\u00e1s de tres mil asistentes en modalidad<br \/>\nvirtual, adem\u00e1s de la audiencia presencial, permitiendo que estudiantes y acad\u00e9micos de<br \/>\ndiversas regiones se sumaran a la discusi\u00f3n.<br \/>\nCon este tipo de encuentros, la UAT reafirma su papel como un espacio de reflexi\u00f3n y<br \/>\nformaci\u00f3n, promoviendo el di\u00e1logo sobre las transformaciones que marcan el futuro del<br \/>\npa\u00eds.<\/p>\n","protected":false},"excerpt":{"rendered":"El diputado federal, Ricardo Monreal \u00c1vila, presidente de la Junta de Coordinaci\u00f3n Pol\u00edtica de la C\u00e1mara de Diputados, visit\u00f3 este viernes la Universidad Aut\u00f3noma de Tamaulipas (UAT) para impartir la conferencia \u201cLa reforma al Poder Judicial\u201d, y presentar su libro Constituci\u00f3n del pueblo de M\u00e9xico. Su actualidad y trayectoria. El evento, realizado en el Centro","protected":false},"author":1,"featured_media":3203,"comment_status":"open","ping_status":"open","sticky":false,"template":"","format":"standard","meta":{"_monsterinsights_skip_tracking":false,"_monsterinsights_sitenote_active":false,"_monsterinsights_sitenote_note":"","_monsterinsights_sitenote_category":0,"footnotes":""},"categories":[3],"tags":[],"class_list":["post-3202","post","type-post","status-publish","format-standard","has-post-thumbnail","hentry","category-noticias"],"aioseo_notices":[],"amp_enabled":true,"_links":{"self":[{"href":"https:\/\/tamaulipasmiregion.com\/index.php?rest_route=\/wp\/v2\/posts\/3202","targetHints":{"allow":["GET"]}}],"collection":[{"href":"https:\/\/tamaulipasmiregion.com\/index.php?rest_route=\/wp\/v2\/posts"}],"about":[{"href":"https:\/\/tamaulipasmiregion.com\/index.php?rest_route=\/wp\/v2\/types\/post"}],"author":[{"embeddable":true,"href":"https:\/\/tamaulipasmiregion.com\/index.php?rest_route=\/wp\/v2\/users\/1"}],"replies":[{"embeddable":true,"href":"https:\/\/tamaulipasmiregion.com\/index.php?rest_route=%2Fwp%2Fv2%2Fcomments&post=3202"}],"version-history":[{"count":2,"href":"https:\/\/tamaulipasmiregion.com\/index.php?rest_route=\/wp\/v2\/posts\/3202\/revisions"}],"predecessor-version":[{"id":3205,"href":"https:\/\/tamaulipasmiregion.com\/index.php?rest_route=\/wp\/v2\/posts\/3202\/revisions\/3205"}],"wp:featuredmedia":[{"embeddable":true,"href":"https:\/\/tamaulipasmiregion.com\/index.php?rest_route=\/wp\/v2\/media\/3203"}],"wp:attachment":[{"href":"https:\/\/tamaulipasmiregion.com\/index.php?rest_route=%2Fwp%2Fv2%2Fmedia&parent=3202"}],"wp:term":[{"taxonomy":"category","embeddable":true,"href":"https:\/\/tamaulipasmiregion.com\/index.php?rest_route=%2Fwp%2Fv2%2Fcategories&post=3202"},{"taxonomy":"post_tag","embeddable":true,"href":"https:\/\/tamaulipasmiregion.com\/index.php?rest_route=%2Fwp%2Fv2%2Ftags&post=3202"}],"curies":[{"name":"wp","href":"https:\/\/api.w.org\/{rel}","templated":true}]}}