{"id":3217,"date":"2025-03-04T23:16:49","date_gmt":"2025-03-04T23:16:49","guid":{"rendered":"https:\/\/tamaulipasmiregion.com\/?p=3217"},"modified":"2025-03-04T23:16:49","modified_gmt":"2025-03-04T23:16:49","slug":"incrementa-la-uat-participacion-de-la-mujer-en-los-espacios-universitarios","status":"publish","type":"post","link":"https:\/\/tamaulipasmiregion.com\/?p=3217","title":{"rendered":"Incrementa la UAT participaci\u00f3n de la mujer en los espacios universitarios"},"content":{"rendered":"<p>Como parte de las actividades en conmemoraci\u00f3n del D\u00eda Internacional de la Mujer, la<br \/>\nUniversidad Aut\u00f3noma de Tamaulipas (UAT) organiz\u00f3 el conversatorio \u00abMujeres y progreso:<br \/>\nclaves para el crecimiento y bienestar de M\u00e9xico\u00bb.<br \/>\nEl evento, llevado a cabo en el auditorio del Centro de Excelencia del Campus Victoria,<br \/>\nreuni\u00f3 a expertas en diversos \u00e1mbitos para dialogar sobre los avances y desaf\u00edos en la<br \/>\nparticipaci\u00f3n de la mujer en la sociedad.<br \/>\nDesde el sector acad\u00e9mico, la profesora e investigadora de la UAT, Dora Mar\u00eda Llad\u00f3 L\u00e1rraga,<br \/>\npresent\u00f3 un an\u00e1lisis sobre la participaci\u00f3n de la mujer en la educaci\u00f3n superior en<br \/>\nTamaulipas, destacando el incremento de la matr\u00edcula femenina y los retos en \u00e1reas de<br \/>\nformaci\u00f3n dominadas por hombres.<br \/>\nEn otras intervenciones, la subdirectora de Integraci\u00f3n y An\u00e1lisis de la Informaci\u00f3n del<br \/>\nINEGI, Beatriz Adriana Serv\u00edn Herrera, expuso sobre la participaci\u00f3n de la mujer en el<br \/>\ndesarrollo econ\u00f3mico de M\u00e9xico, resaltando la presencia femenina en la administraci\u00f3n<br \/>\np\u00fablica.<br \/>\nEl evento tambi\u00e9n cont\u00f3 con la exposici\u00f3n de la directora del Instituto de la Mujer en<br \/>\nTamaulipas, Marcia Benavides Villafranca, quien abord\u00f3 la tem\u00e1tica \u00abBienestar para todas\u00bb,<br \/>\nsubrayando la importancia de la perspectiva de g\u00e9nero en el desarrollo social y econ\u00f3mico.<br \/>\nA su vez, la presidenta de la C\u00e1mara de Comercio, Servicios y Turismo de Victoria, Greyci<br \/>\nEthel Robles Barajas, destac\u00f3 los desaf\u00edos que enfrentan las mujeres empresarias en su<br \/>\ndesarrollo profesional y la baja representaci\u00f3n femenina en organismos empresariales.<br \/>\nEl conversatorio fue organizado por la Secretar\u00eda de Investigaci\u00f3n y Posgrado en<br \/>\ncoordinaci\u00f3n con Familia UAT y la Secretar\u00eda de Gesti\u00f3n Escolar, fortaleciendo el<br \/>\ncompromiso de la Universidad con la creaci\u00f3n de espacios de di\u00e1logo y an\u00e1lisis en favor de<br \/>\nla equidad de g\u00e9nero.<\/p>\n","protected":false},"excerpt":{"rendered":"Como parte de las actividades en conmemoraci\u00f3n del D\u00eda Internacional de la Mujer, la Universidad Aut\u00f3noma de Tamaulipas (UAT) organiz\u00f3 el conversatorio \u00abMujeres y progreso: claves para el crecimiento y bienestar de M\u00e9xico\u00bb. El evento, llevado a cabo en el auditorio del Centro de Excelencia del Campus Victoria, reuni\u00f3 a expertas en diversos \u00e1mbitos para","protected":false},"author":1,"featured_media":3218,"comment_status":"open","ping_status":"open","sticky":false,"template":"","format":"standard","meta":{"_monsterinsights_skip_tracking":false,"_monsterinsights_sitenote_active":false,"_monsterinsights_sitenote_note":"","_monsterinsights_sitenote_category":0,"footnotes":""},"categories":[3],"tags":[],"class_list":["post-3217","post","type-post","status-publish","format-standard","has-post-thumbnail","hentry","category-noticias"],"aioseo_notices":[],"amp_enabled":true,"_links":{"self":[{"href":"https:\/\/tamaulipasmiregion.com\/index.php?rest_route=\/wp\/v2\/posts\/3217","targetHints":{"allow":["GET"]}}],"collection":[{"href":"https:\/\/tamaulipasmiregion.com\/index.php?rest_route=\/wp\/v2\/posts"}],"about":[{"href":"https:\/\/tamaulipasmiregion.com\/index.php?rest_route=\/wp\/v2\/types\/post"}],"author":[{"embeddable":true,"href":"https:\/\/tamaulipasmiregion.com\/index.php?rest_route=\/wp\/v2\/users\/1"}],"replies":[{"embeddable":true,"href":"https:\/\/tamaulipasmiregion.com\/index.php?rest_route=%2Fwp%2Fv2%2Fcomments&post=3217"}],"version-history":[{"count":1,"href":"https:\/\/tamaulipasmiregion.com\/index.php?rest_route=\/wp\/v2\/posts\/3217\/revisions"}],"predecessor-version":[{"id":3219,"href":"https:\/\/tamaulipasmiregion.com\/index.php?rest_route=\/wp\/v2\/posts\/3217\/revisions\/3219"}],"wp:featuredmedia":[{"embeddable":true,"href":"https:\/\/tamaulipasmiregion.com\/index.php?rest_route=\/wp\/v2\/media\/3218"}],"wp:attachment":[{"href":"https:\/\/tamaulipasmiregion.com\/index.php?rest_route=%2Fwp%2Fv2%2Fmedia&parent=3217"}],"wp:term":[{"taxonomy":"category","embeddable":true,"href":"https:\/\/tamaulipasmiregion.com\/index.php?rest_route=%2Fwp%2Fv2%2Fcategories&post=3217"},{"taxonomy":"post_tag","embeddable":true,"href":"https:\/\/tamaulipasmiregion.com\/index.php?rest_route=%2Fwp%2Fv2%2Ftags&post=3217"}],"curies":[{"name":"wp","href":"https:\/\/api.w.org\/{rel}","templated":true}]}}