{"id":3227,"date":"2025-03-07T17:35:47","date_gmt":"2025-03-07T17:35:47","guid":{"rendered":"https:\/\/tamaulipasmiregion.com\/?p=3227"},"modified":"2025-03-29T17:36:49","modified_gmt":"2025-03-29T17:36:49","slug":"expone-la-uat-en-foro-universitario-el-liderazgo-de-la-mujer-tamaulipeca","status":"publish","type":"post","link":"https:\/\/tamaulipasmiregion.com\/?p=3227","title":{"rendered":"Expone la UAT en foro universitario el liderazgo de la mujer tamaulipeca"},"content":{"rendered":"<p>La Universidad Aut\u00f3noma de Tamaulipas (UAT) llev\u00f3 a cabo el Foro \u00abMujeres L\u00edderes que Inspiran\u00bb, el cual reuni\u00f3 a destacadas figuras del \u00e1mbito pol\u00edtico y acad\u00e9mico, para compartir sus trayectorias y motivar a nuevas generaciones a transformar su entorno.<br \/>\nEl evento presentado en el Gimnasio Multidisciplinario Tampico, y transmitido por videoconferencia en las sedes universitarias, tuvo como invitada de honor a la presidenta de Familia UAT, Isolda Rend\u00f3n de Anaya, y cont\u00f3 con la asistencia de m\u00e1s de 1500 mujeres, entre docentes, estudiantes y personal administrativo, en una jornada dedicada a la reflexi\u00f3n y el empoderamiento femenino.<br \/>\nEste foro cont\u00f3 con la participaci\u00f3n de la presidenta municipal de Nuevo Laredo, Carmen Lilia Canturosas Villarreal; la presidenta municipal de Tampico, M\u00f3nica Zacil Villarreal Anaya; la diputada local y presidenta de la Mesa Directiva del Congreso del Estado, Cynthia Lizabeth Jaime Castillo; y la secretaria general de la UAT, Mar\u00eda Concepci\u00f3n Placencia Valadez, como moderadora del evento.<br \/>\nEn su intervenci\u00f3n, Carmen Lilia Canturosas comparti\u00f3 los retos que enfrenta una mujer en la esfera p\u00fablica, habl\u00f3 de las pol\u00edticas p\u00fablicas implementadas para erradicar la violencia de g\u00e9nero y subray\u00f3 la importancia de la visibilidad femenina en el poder.<br \/>\nPor su parte, M\u00f3nica Zacil Villarreal destac\u00f3 las luchas por los derechos de las mujeres, especialmente su participaci\u00f3n en la pol\u00edtica, enfatizando la importancia de la acci\u00f3n y la paciencia para construir un futuro igualitario, recordando que los avances sociales requieren persistencia y compromiso con esta causa.<br \/>\nEn su turno, la diputada Cynthia Lizabeth Jaime resalt\u00f3 la importancia de que las mujeres se autovaloren y se prioricen para alcanzar sus metas. Se\u00f1al\u00f3 que, al eliminar la competencia destructiva entre ellas, se fomenta el apoyo mutuo y se fortalece el liderazgo.<br \/>\nAl finalizar el foro, el rector de la UAT, D\u00e1maso Anaya Alvarado, acompa\u00f1ado de su esposa, Isolda Rend\u00f3n, entreg\u00f3 reconocimientos a las participantes, reiterando el compromiso de la Universidad con la equidad de g\u00e9nero. Destac\u00f3 que en la UAT, hombres y mujeres tienen las mismas oportunidades para desarrollar su potencial, reafirmando el firme compromiso de la instituci\u00f3n para seguir promoviendo la igualdad en todos sus espacios.<\/p>\n","protected":false},"excerpt":{"rendered":"La Universidad Aut\u00f3noma de Tamaulipas (UAT) llev\u00f3 a cabo el Foro \u00abMujeres L\u00edderes que Inspiran\u00bb, el cual reuni\u00f3 a destacadas figuras del \u00e1mbito pol\u00edtico y acad\u00e9mico, para compartir sus trayectorias y motivar a nuevas generaciones a transformar su entorno. El evento presentado en el Gimnasio Multidisciplinario Tampico, y transmitido por videoconferencia en las sedes universitarias,","protected":false},"author":1,"featured_media":3228,"comment_status":"open","ping_status":"open","sticky":false,"template":"","format":"standard","meta":{"_monsterinsights_skip_tracking":false,"_monsterinsights_sitenote_active":false,"_monsterinsights_sitenote_note":"","_monsterinsights_sitenote_category":0,"footnotes":""},"categories":[3],"tags":[],"class_list":["post-3227","post","type-post","status-publish","format-standard","has-post-thumbnail","hentry","category-noticias"],"aioseo_notices":[],"amp_enabled":true,"_links":{"self":[{"href":"https:\/\/tamaulipasmiregion.com\/index.php?rest_route=\/wp\/v2\/posts\/3227","targetHints":{"allow":["GET"]}}],"collection":[{"href":"https:\/\/tamaulipasmiregion.com\/index.php?rest_route=\/wp\/v2\/posts"}],"about":[{"href":"https:\/\/tamaulipasmiregion.com\/index.php?rest_route=\/wp\/v2\/types\/post"}],"author":[{"embeddable":true,"href":"https:\/\/tamaulipasmiregion.com\/index.php?rest_route=\/wp\/v2\/users\/1"}],"replies":[{"embeddable":true,"href":"https:\/\/tamaulipasmiregion.com\/index.php?rest_route=%2Fwp%2Fv2%2Fcomments&post=3227"}],"version-history":[{"count":2,"href":"https:\/\/tamaulipasmiregion.com\/index.php?rest_route=\/wp\/v2\/posts\/3227\/revisions"}],"predecessor-version":[{"id":3230,"href":"https:\/\/tamaulipasmiregion.com\/index.php?rest_route=\/wp\/v2\/posts\/3227\/revisions\/3230"}],"wp:featuredmedia":[{"embeddable":true,"href":"https:\/\/tamaulipasmiregion.com\/index.php?rest_route=\/wp\/v2\/media\/3228"}],"wp:attachment":[{"href":"https:\/\/tamaulipasmiregion.com\/index.php?rest_route=%2Fwp%2Fv2%2Fmedia&parent=3227"}],"wp:term":[{"taxonomy":"category","embeddable":true,"href":"https:\/\/tamaulipasmiregion.com\/index.php?rest_route=%2Fwp%2Fv2%2Fcategories&post=3227"},{"taxonomy":"post_tag","embeddable":true,"href":"https:\/\/tamaulipasmiregion.com\/index.php?rest_route=%2Fwp%2Fv2%2Ftags&post=3227"}],"curies":[{"name":"wp","href":"https:\/\/api.w.org\/{rel}","templated":true}]}}