{"id":3231,"date":"2025-03-08T17:41:46","date_gmt":"2025-03-08T17:41:46","guid":{"rendered":"https:\/\/tamaulipasmiregion.com\/?p=3231"},"modified":"2025-03-29T17:43:07","modified_gmt":"2025-03-29T17:43:07","slug":"la-uat-ofrecio-a-sus-universitarias-el-recital-voces-violeta","status":"publish","type":"post","link":"https:\/\/tamaulipasmiregion.com\/?p=3231","title":{"rendered":"La UAT ofreci\u00f3 a sus universitarias el recital \u201cVoces Violeta\u201d"},"content":{"rendered":"<p>La Universidad Aut\u00f3noma de Tamaulipas (UAT) llev\u00f3 a cabo la presentaci\u00f3n del recital \u00abVoces Violeta\u00bb, dirigido a estudiantes universitarias, en un espacio de lecturas y canciones que reflejan el papel de la mujer en la sociedad y su lucha por la equidad.<br \/>\nEsta iniciativa se ha presentado en diversas facultades y escenarios de la UAT, en Ciudad Victoria y Tampico, permitiendo que la comunidad universitaria y el p\u00fablico en general reflexionen sobre la importancia del arte como medio de expresi\u00f3n y transformaci\u00f3n social. Durante el recital, las artistas universitarias dan voz a textos de pensadoras y activistas feministas de distintas \u00e9pocas, en una instalaci\u00f3n sonora, visual y textual que resalta la presencia y la fuerza de la mujer en la cultura.<br \/>\nLa presentaci\u00f3n de esta actividad forma parte de la Agenda Universitaria 8M \u201cMujeres que Inspiran\u201d, y que, con motivo del D\u00eda Internacional de la Mujer, el rector de la UAT, D\u00e1maso Anaya Alvarado, ha manifestado un mensaje destacando que la Universidad sigue generando espacios de expresi\u00f3n y participaci\u00f3n para sus estudiantes, consolidando el arte y la cultura como herramientas fundamentales para el desarrollo humano y social.<br \/>\nDe la misma manera, ha reiterado la importancia de impulsar las iniciativas que aseguren el desarrollo pleno de las mujeres universitarias, creando una red s\u00f3lida que impulse su liderazgo y bienestar.<br \/>\n\u00abVoces Violeta\u201d fue organizado por la Direcci\u00f3n de Cultura y Arte UAT, con presentaciones del 4 al 7 de marzo, en las facultades y unidades acad\u00e9micas de Ciudad Victoria, as\u00ed como en planteles y diversos espacios del Centro Universitario Sur (Campus Tampico).<br \/>\nA trav\u00e9s de este tipo de actividades y muchas otras realizadas en el marco del 8M, la UAT reafirma su compromiso con la promoci\u00f3n de la cultura y el fortalecimiento de la participaci\u00f3n femenina en el arte, brindando espacios donde las estudiantes tienen la oportunidad de compartir sus voces y generar un impacto positivo en su entorno.<\/p>\n","protected":false},"excerpt":{"rendered":"La Universidad Aut\u00f3noma de Tamaulipas (UAT) llev\u00f3 a cabo la presentaci\u00f3n del recital \u00abVoces Violeta\u00bb, dirigido a estudiantes universitarias, en un espacio de lecturas y canciones que reflejan el papel de la mujer en la sociedad y su lucha por la equidad. Esta iniciativa se ha presentado en diversas facultades y escenarios de la UAT,","protected":false},"author":1,"featured_media":3232,"comment_status":"open","ping_status":"open","sticky":false,"template":"","format":"standard","meta":{"_monsterinsights_skip_tracking":false,"_monsterinsights_sitenote_active":false,"_monsterinsights_sitenote_note":"","_monsterinsights_sitenote_category":0,"footnotes":""},"categories":[3],"tags":[],"class_list":["post-3231","post","type-post","status-publish","format-standard","has-post-thumbnail","hentry","category-noticias"],"aioseo_notices":[],"amp_enabled":true,"_links":{"self":[{"href":"https:\/\/tamaulipasmiregion.com\/index.php?rest_route=\/wp\/v2\/posts\/3231","targetHints":{"allow":["GET"]}}],"collection":[{"href":"https:\/\/tamaulipasmiregion.com\/index.php?rest_route=\/wp\/v2\/posts"}],"about":[{"href":"https:\/\/tamaulipasmiregion.com\/index.php?rest_route=\/wp\/v2\/types\/post"}],"author":[{"embeddable":true,"href":"https:\/\/tamaulipasmiregion.com\/index.php?rest_route=\/wp\/v2\/users\/1"}],"replies":[{"embeddable":true,"href":"https:\/\/tamaulipasmiregion.com\/index.php?rest_route=%2Fwp%2Fv2%2Fcomments&post=3231"}],"version-history":[{"count":1,"href":"https:\/\/tamaulipasmiregion.com\/index.php?rest_route=\/wp\/v2\/posts\/3231\/revisions"}],"predecessor-version":[{"id":3233,"href":"https:\/\/tamaulipasmiregion.com\/index.php?rest_route=\/wp\/v2\/posts\/3231\/revisions\/3233"}],"wp:featuredmedia":[{"embeddable":true,"href":"https:\/\/tamaulipasmiregion.com\/index.php?rest_route=\/wp\/v2\/media\/3232"}],"wp:attachment":[{"href":"https:\/\/tamaulipasmiregion.com\/index.php?rest_route=%2Fwp%2Fv2%2Fmedia&parent=3231"}],"wp:term":[{"taxonomy":"category","embeddable":true,"href":"https:\/\/tamaulipasmiregion.com\/index.php?rest_route=%2Fwp%2Fv2%2Fcategories&post=3231"},{"taxonomy":"post_tag","embeddable":true,"href":"https:\/\/tamaulipasmiregion.com\/index.php?rest_route=%2Fwp%2Fv2%2Ftags&post=3231"}],"curies":[{"name":"wp","href":"https:\/\/api.w.org\/{rel}","templated":true}]}}