{"id":3240,"date":"2025-03-11T18:01:24","date_gmt":"2025-03-11T18:01:24","guid":{"rendered":"https:\/\/tamaulipasmiregion.com\/?p=3240"},"modified":"2025-03-29T18:02:08","modified_gmt":"2025-03-29T18:02:08","slug":"suma-la-uat-esfuerzos-en-proyecto-educativo-de-la-anuies-region-noreste","status":"publish","type":"post","link":"https:\/\/tamaulipasmiregion.com\/?p=3240","title":{"rendered":"Suma la UAT esfuerzos en proyecto educativo de la ANUIES regi\u00f3n noreste"},"content":{"rendered":"<p>El rector de la Universidad Aut\u00f3noma de Tamaulipas (UAT), D\u00e1maso Anaya Alvarado,<br \/>\nparticip\u00f3 en la reuni\u00f3n del Consejo Regional Noreste de la Asociaci\u00f3n Nacional de<br \/>\nUniversidades e Instituciones de Educaci\u00f3n Superior (ANUIES), en cuyo marco se reafirm\u00f3<br \/>\nel objetivo de consolidar a esta regi\u00f3n del pa\u00eds como referente acad\u00e9mico de la equidad, la<br \/>\ninnovaci\u00f3n y la vinculaci\u00f3n social.<br \/>\nEn la sesi\u00f3n, que tuvo como sede el Instituto Tecnol\u00f3gico de Nuevo Le\u00f3n, participaron 25<br \/>\ninstituciones de educaci\u00f3n superior de San Luis Potos\u00ed, Nuevo Le\u00f3n, Coahuila, Durango,<br \/>\nZacatecas y Tamaulipas.<br \/>\nDurante el encuentro se expuso el programa de trabajo de la presidencia del Consejo<br \/>\nRegional Noreste, para el periodo 2025-2028, encabezada por el rector de la Universidad<br \/>\nAut\u00f3noma de San Luis Potos\u00ed, Alejandro Javier Zerme\u00f1o Guerra.<br \/>\nA su vez, el rector D\u00e1maso Anaya reafirm\u00f3 la contribuci\u00f3n de la UAT en las propuestas del<br \/>\nnuevo plan de trabajo en la regi\u00f3n, en el que se estar\u00e1n sumando los esfuerzos para<br \/>\nincrementar la cobertura educativa con enfoque de equidad, inclusi\u00f3n y pertinencia.<br \/>\nEn la sesi\u00f3n se expuso tambi\u00e9n el compromiso de reforzar las \u00e1reas de vinculaci\u00f3n y<br \/>\ntransferencia de conocimiento para fortalecer la relaci\u00f3n entre las instituciones y los<br \/>\nsectores productivo, social y gubernamental.<br \/>\nEntre otros temas, se acord\u00f3 contribuir en las pol\u00edticas de sustentabilidad, en los proyectos<br \/>\nde servicio social y en la vinculaci\u00f3n comunitaria, adem\u00e1s de promover una educaci\u00f3n<br \/>\nsuperior responsable e inclusiva.<br \/>\nFinalmente, se subray\u00f3 la importancia de trabajar en la gobernanza y la transparencia<br \/>\ninstitucional, con el prop\u00f3sito de garantizar una gesti\u00f3n eficiente en rendici\u00f3n de cuentas.<\/p>\n","protected":false},"excerpt":{"rendered":"El rector de la Universidad Aut\u00f3noma de Tamaulipas (UAT), D\u00e1maso Anaya Alvarado, particip\u00f3 en la reuni\u00f3n del Consejo Regional Noreste de la Asociaci\u00f3n Nacional de Universidades e Instituciones de Educaci\u00f3n Superior (ANUIES), en cuyo marco se reafirm\u00f3 el objetivo de consolidar a esta regi\u00f3n del pa\u00eds como referente acad\u00e9mico de la equidad, la innovaci\u00f3n y","protected":false},"author":1,"featured_media":3241,"comment_status":"open","ping_status":"open","sticky":false,"template":"","format":"standard","meta":{"_monsterinsights_skip_tracking":false,"_monsterinsights_sitenote_active":false,"_monsterinsights_sitenote_note":"","_monsterinsights_sitenote_category":0,"footnotes":""},"categories":[3],"tags":[],"class_list":["post-3240","post","type-post","status-publish","format-standard","has-post-thumbnail","hentry","category-noticias"],"aioseo_notices":[],"amp_enabled":true,"_links":{"self":[{"href":"https:\/\/tamaulipasmiregion.com\/index.php?rest_route=\/wp\/v2\/posts\/3240","targetHints":{"allow":["GET"]}}],"collection":[{"href":"https:\/\/tamaulipasmiregion.com\/index.php?rest_route=\/wp\/v2\/posts"}],"about":[{"href":"https:\/\/tamaulipasmiregion.com\/index.php?rest_route=\/wp\/v2\/types\/post"}],"author":[{"embeddable":true,"href":"https:\/\/tamaulipasmiregion.com\/index.php?rest_route=\/wp\/v2\/users\/1"}],"replies":[{"embeddable":true,"href":"https:\/\/tamaulipasmiregion.com\/index.php?rest_route=%2Fwp%2Fv2%2Fcomments&post=3240"}],"version-history":[{"count":1,"href":"https:\/\/tamaulipasmiregion.com\/index.php?rest_route=\/wp\/v2\/posts\/3240\/revisions"}],"predecessor-version":[{"id":3242,"href":"https:\/\/tamaulipasmiregion.com\/index.php?rest_route=\/wp\/v2\/posts\/3240\/revisions\/3242"}],"wp:featuredmedia":[{"embeddable":true,"href":"https:\/\/tamaulipasmiregion.com\/index.php?rest_route=\/wp\/v2\/media\/3241"}],"wp:attachment":[{"href":"https:\/\/tamaulipasmiregion.com\/index.php?rest_route=%2Fwp%2Fv2%2Fmedia&parent=3240"}],"wp:term":[{"taxonomy":"category","embeddable":true,"href":"https:\/\/tamaulipasmiregion.com\/index.php?rest_route=%2Fwp%2Fv2%2Fcategories&post=3240"},{"taxonomy":"post_tag","embeddable":true,"href":"https:\/\/tamaulipasmiregion.com\/index.php?rest_route=%2Fwp%2Fv2%2Ftags&post=3240"}],"curies":[{"name":"wp","href":"https:\/\/api.w.org\/{rel}","templated":true}]}}