{"id":3266,"date":"2025-03-19T18:59:51","date_gmt":"2025-03-19T18:59:51","guid":{"rendered":"https:\/\/tamaulipasmiregion.com\/?p=3266"},"modified":"2025-03-29T19:00:47","modified_gmt":"2025-03-29T19:00:47","slug":"la-uat-realizo-jornada-de-evaluacion-para-reacreditar-carrera-de-trabajo-social","status":"publish","type":"post","link":"https:\/\/tamaulipasmiregion.com\/?p=3266","title":{"rendered":"La UAT realiz\u00f3 jornada de evaluaci\u00f3n para reacreditar carrera de Trabajo Social"},"content":{"rendered":"<p>Para garantizar que sus programas educativos sigan cumpliendo con los m\u00e1s altos<br \/>\nest\u00e1ndares de calidad, la Universidad Aut\u00f3noma de Tamaulipas (UAT) llev\u00f3 a cabo el proceso<br \/>\npara evaluar y reacreditar la carrera de Trabajo Social en el Campus Victoria.<br \/>\nLa jornada de evaluaci\u00f3n se realiz\u00f3 en la Unidad Acad\u00e9mica de Trabajo Social y Ciencias para<br \/>\nel Desarrollo Humano con la visita de la Comisi\u00f3n Evaluadora de la Asociaci\u00f3n para la<br \/>\nAcreditaci\u00f3n y Certificaci\u00f3n en Ciencias Sociales A.C. (ACCECISO).<br \/>\nEste ejercicio tiene como objetivo garantizar la calidad acad\u00e9mica y la mejora continua de<br \/>\neste programa educativo, alineado con los m\u00e1s altos est\u00e1ndares nacionales e<br \/>\ninternacionales.<br \/>\nEl comit\u00e9 t\u00e9cnico del organismo acreditador cumpli\u00f3 con todo el proceso de evaluaci\u00f3n para<br \/>\nverificar que el Programa Educativo en Trabajo Social de la UAT cumpla con los criterios<br \/>\nestablecidos en cuanto a formaci\u00f3n acad\u00e9mica, infraestructura, calidad docente,<br \/>\ninvestigaci\u00f3n y vinculaci\u00f3n con el entorno profesional.<br \/>\nLa Comisi\u00f3n Evaluadora estuvo conformada por Pares Evaluadores de la Universidad<br \/>\nAut\u00f3noma de Nuevo Le\u00f3n; la Universidad Aut\u00f3noma de Tlaxcala; y analistas de ACCECISO,<br \/>\nquienes realizaron una evaluaci\u00f3n integral de los aspectos clave del programa, con el fin de<br \/>\nproporcionar retroalimentaci\u00f3n constructiva que permita fortalecer la formaci\u00f3n de los<br \/>\nestudiantes.<br \/>\nEn el desarrollo de la jornada se cont\u00f3 con la presencia de la secretaria Acad\u00e9mica de la UAT,<br \/>\nRosa Issel Acosta Gonz\u00e1lez, la directora de la Unidad Acad\u00e9mica, Guillermina de la Cruz<br \/>\nJim\u00e9nez God\u00ednez, integrantes del comit\u00e9 t\u00e9cnico de ACCESISO, personal docente y de la<br \/>\ncoordinaci\u00f3n de carrera.<\/p>\n","protected":false},"excerpt":{"rendered":"Para garantizar que sus programas educativos sigan cumpliendo con los m\u00e1s altos est\u00e1ndares de calidad, la Universidad Aut\u00f3noma de Tamaulipas (UAT) llev\u00f3 a cabo el proceso para evaluar y reacreditar la carrera de Trabajo Social en el Campus Victoria. La jornada de evaluaci\u00f3n se realiz\u00f3 en la Unidad Acad\u00e9mica de Trabajo Social y Ciencias para","protected":false},"author":1,"featured_media":3267,"comment_status":"open","ping_status":"open","sticky":false,"template":"","format":"standard","meta":{"_monsterinsights_skip_tracking":false,"_monsterinsights_sitenote_active":false,"_monsterinsights_sitenote_note":"","_monsterinsights_sitenote_category":0,"footnotes":""},"categories":[3],"tags":[],"class_list":["post-3266","post","type-post","status-publish","format-standard","has-post-thumbnail","hentry","category-noticias"],"aioseo_notices":[],"amp_enabled":true,"_links":{"self":[{"href":"https:\/\/tamaulipasmiregion.com\/index.php?rest_route=\/wp\/v2\/posts\/3266","targetHints":{"allow":["GET"]}}],"collection":[{"href":"https:\/\/tamaulipasmiregion.com\/index.php?rest_route=\/wp\/v2\/posts"}],"about":[{"href":"https:\/\/tamaulipasmiregion.com\/index.php?rest_route=\/wp\/v2\/types\/post"}],"author":[{"embeddable":true,"href":"https:\/\/tamaulipasmiregion.com\/index.php?rest_route=\/wp\/v2\/users\/1"}],"replies":[{"embeddable":true,"href":"https:\/\/tamaulipasmiregion.com\/index.php?rest_route=%2Fwp%2Fv2%2Fcomments&post=3266"}],"version-history":[{"count":1,"href":"https:\/\/tamaulipasmiregion.com\/index.php?rest_route=\/wp\/v2\/posts\/3266\/revisions"}],"predecessor-version":[{"id":3268,"href":"https:\/\/tamaulipasmiregion.com\/index.php?rest_route=\/wp\/v2\/posts\/3266\/revisions\/3268"}],"wp:featuredmedia":[{"embeddable":true,"href":"https:\/\/tamaulipasmiregion.com\/index.php?rest_route=\/wp\/v2\/media\/3267"}],"wp:attachment":[{"href":"https:\/\/tamaulipasmiregion.com\/index.php?rest_route=%2Fwp%2Fv2%2Fmedia&parent=3266"}],"wp:term":[{"taxonomy":"category","embeddable":true,"href":"https:\/\/tamaulipasmiregion.com\/index.php?rest_route=%2Fwp%2Fv2%2Fcategories&post=3266"},{"taxonomy":"post_tag","embeddable":true,"href":"https:\/\/tamaulipasmiregion.com\/index.php?rest_route=%2Fwp%2Fv2%2Ftags&post=3266"}],"curies":[{"name":"wp","href":"https:\/\/api.w.org\/{rel}","templated":true}]}}