{"id":3269,"date":"2025-03-20T19:04:21","date_gmt":"2025-03-20T19:04:21","guid":{"rendered":"https:\/\/tamaulipasmiregion.com\/?p=3269"},"modified":"2025-03-29T19:05:36","modified_gmt":"2025-03-29T19:05:36","slug":"preside-rector-damaso-anaya-firma-de-convenio-uat-y-trieltam","status":"publish","type":"post","link":"https:\/\/tamaulipasmiregion.com\/?p=3269","title":{"rendered":"Preside rector D\u00e1maso Anaya firma de convenio UAT y TRIELTAM"},"content":{"rendered":"<p>En gira de trabajo por la Facultad de Derecho y Ciencias Sociales Tampico (FADYCS), el rector<br \/>\nde la Universidad Aut\u00f3noma de Tamaulipas (UAT), D\u00e1maso Anaya Alvarado, presidi\u00f3 la firma<br \/>\nde un convenio con el Tribunal Electoral de Tamaulipas (TRELTAM) y puso en marcha nueva<br \/>\ninfraestructura que ofrece un entorno m\u00e1s accesible y equitativo a personas con<br \/>\ndiscapacidad o movilidad limitada.<br \/>\nEn el inicio de sus actividades, el rector suscribi\u00f3 un acuerdo de colaboraci\u00f3n con el<br \/>\npresidente magistrado del TRIELTAM, Ren\u00e9 Osiris S\u00e1nchez Rivas, acompa\u00f1ado por la<br \/>\ndirectora de la FADYCS, Elda Ruth de los Reyes Villarreal.<br \/>\nD\u00e1maso Anaya destac\u00f3 la importancia de celebrar este convenio que tiene entre sus<br \/>\nobjetivos fortalecer la formaci\u00f3n de profesionales en materia electoral y aportar esfuerzos<br \/>\npara contribuir en la cultura c\u00edvica y los procesos democr\u00e1ticos en la entidad.<br \/>\nReafirm\u00f3 tambi\u00e9n el compromiso de la Universidad con la formaci\u00f3n integral del alumnado,<br \/>\nse\u00f1alando que esta alianza abre oportunidades para que, a trav\u00e9s del servicio social y las<br \/>\npr\u00e1cticas profesionales, los estudiantes de Derecho adquieran experiencia en el ejercicio de<br \/>\nla justicia electoral.<br \/>\nPor su parte, el magistrado Ren\u00e9 Osiris S\u00e1nchez Rivas agradeci\u00f3 la posibilidad de colaborar<br \/>\ncon la UAT, una instituci\u00f3n que, dijo, se caracteriza por su compromiso en la formaci\u00f3n de<br \/>\nprofesionales de calidad, y reiter\u00f3 su disposici\u00f3n para que los estudiantes fortalezcan su<br \/>\naprendizaje en este tribunal, en un entorno pr\u00e1ctico y especializado.<br \/>\nInfraestructura accesible en colaboraci\u00f3n con Rotarios Norte de Tampico<br \/>\nContinuando con su recorrido en la Facultad de Derecho y Ciencias Sociales, D\u00e1maso Anaya<br \/>\ninaugur\u00f3 en el Edificio 2 un elevador al servicio de personas con discapacidad o movilidad<br \/>\nlimitada, en un proyecto que se ha realizado en colaboraci\u00f3n con el Club Rotarios Zona Norte<br \/>\nde Tampico.<br \/>\nCon la presencia de autoridades municipales, legisladores y representantes de organismos<br \/>\nde la sociedad, el rector refrend\u00f3 el compromiso de mejorar y adecuar las instalaciones de<br \/>\nla UAT para ofrecer un entorno m\u00e1s accesible que atienda las necesidades de personas con<br \/>\ndiscapacidad y adultos mayores, promoviendo as\u00ed una educaci\u00f3n inclusiva y oportunidades<br \/>\nde aprendizaje para todos.<\/p>\n","protected":false},"excerpt":{"rendered":"En gira de trabajo por la Facultad de Derecho y Ciencias Sociales Tampico (FADYCS), el rector de la Universidad Aut\u00f3noma de Tamaulipas (UAT), D\u00e1maso Anaya Alvarado, presidi\u00f3 la firma de un convenio con el Tribunal Electoral de Tamaulipas (TRELTAM) y puso en marcha nueva infraestructura que ofrece un entorno m\u00e1s accesible y equitativo a personas","protected":false},"author":1,"featured_media":3270,"comment_status":"open","ping_status":"open","sticky":false,"template":"","format":"standard","meta":{"_monsterinsights_skip_tracking":false,"_monsterinsights_sitenote_active":false,"_monsterinsights_sitenote_note":"","_monsterinsights_sitenote_category":0,"footnotes":""},"categories":[3],"tags":[],"class_list":["post-3269","post","type-post","status-publish","format-standard","has-post-thumbnail","hentry","category-noticias"],"aioseo_notices":[],"amp_enabled":true,"_links":{"self":[{"href":"https:\/\/tamaulipasmiregion.com\/index.php?rest_route=\/wp\/v2\/posts\/3269","targetHints":{"allow":["GET"]}}],"collection":[{"href":"https:\/\/tamaulipasmiregion.com\/index.php?rest_route=\/wp\/v2\/posts"}],"about":[{"href":"https:\/\/tamaulipasmiregion.com\/index.php?rest_route=\/wp\/v2\/types\/post"}],"author":[{"embeddable":true,"href":"https:\/\/tamaulipasmiregion.com\/index.php?rest_route=\/wp\/v2\/users\/1"}],"replies":[{"embeddable":true,"href":"https:\/\/tamaulipasmiregion.com\/index.php?rest_route=%2Fwp%2Fv2%2Fcomments&post=3269"}],"version-history":[{"count":1,"href":"https:\/\/tamaulipasmiregion.com\/index.php?rest_route=\/wp\/v2\/posts\/3269\/revisions"}],"predecessor-version":[{"id":3271,"href":"https:\/\/tamaulipasmiregion.com\/index.php?rest_route=\/wp\/v2\/posts\/3269\/revisions\/3271"}],"wp:featuredmedia":[{"embeddable":true,"href":"https:\/\/tamaulipasmiregion.com\/index.php?rest_route=\/wp\/v2\/media\/3270"}],"wp:attachment":[{"href":"https:\/\/tamaulipasmiregion.com\/index.php?rest_route=%2Fwp%2Fv2%2Fmedia&parent=3269"}],"wp:term":[{"taxonomy":"category","embeddable":true,"href":"https:\/\/tamaulipasmiregion.com\/index.php?rest_route=%2Fwp%2Fv2%2Fcategories&post=3269"},{"taxonomy":"post_tag","embeddable":true,"href":"https:\/\/tamaulipasmiregion.com\/index.php?rest_route=%2Fwp%2Fv2%2Ftags&post=3269"}],"curies":[{"name":"wp","href":"https:\/\/api.w.org\/{rel}","templated":true}]}}