{"id":3275,"date":"2025-03-22T19:24:41","date_gmt":"2025-03-22T19:24:41","guid":{"rendered":"https:\/\/tamaulipasmiregion.com\/?p=3275"},"modified":"2025-03-29T19:25:37","modified_gmt":"2025-03-29T19:25:37","slug":"fortalece-la-uat-modelo-de-bachillerato-en-preparatorias-incorporadas","status":"publish","type":"post","link":"https:\/\/tamaulipasmiregion.com\/?p=3275","title":{"rendered":"Fortalece la UAT modelo de bachillerato en preparatorias incorporadas"},"content":{"rendered":"<p>Como parte de su labor institucional para fortalecer la educaci\u00f3n media superior, la<br \/>\nUniversidad Aut\u00f3noma de Tamaulipas llev\u00f3 a cabo el Tercer Taller de Homologaci\u00f3n al<br \/>\nModelo de Bachillerato General UAT, dirigido a las escuelas preparatorias incorporadas a<br \/>\nesta casa de estudios.<br \/>\nEl programa realizado en el Centro de Excelencia del Campus Tampico reuni\u00f3 a directivos y<br \/>\nresponsables acad\u00e9micos de preparatorias de todo el estado que est\u00e1n vinculadas a la UAT,<br \/>\ntrabajando en conjunto para dirigir los esfuerzos a los nuevos lineamientos de la educaci\u00f3n<br \/>\nmedia superior tanto a nivel estatal como nacional.<br \/>\nCon la representaci\u00f3n del rector D\u00e1maso Anaya Alvarado, la secretaria Acad\u00e9mica de la<br \/>\nUAT, Rosa Issel Acosta Gonz\u00e1lez puso en marcha el taller y destac\u00f3 el trabajo de los<br \/>\ndocentes y directivos en la mejora continua del nivel educativo.<br \/>\nAgradeci\u00f3 su dedicaci\u00f3n y subray\u00f3 la importancia de trabajar de manera colaborativa para<br \/>\ngarantizar una educaci\u00f3n de calidad que impulse el desarrollo acad\u00e9mico y personal de los<br \/>\nestudiantes.<br \/>\nReiter\u00f3 el compromiso del rector con la educaci\u00f3n media superior, anunciando que la<br \/>\nUniversidad continuar\u00e1 con la expansi\u00f3n de nuevas preparatorias incorporadas. Con ello,<br \/>\nse busca generar mayores oportunidades educativas y consolidar el modelo acad\u00e9mico de<br \/>\nla UAT como un referente en la regi\u00f3n.<br \/>\nR-AP-01-34-01 Ver. 2<br \/>\nACT. 19\/07\/2024<br \/>\nDurante el taller, se present\u00f3 un manual dise\u00f1ado espec\u00edficamente para las preparatorias<br \/>\nincorporadas, con el prop\u00f3sito de fortalecer la implementaci\u00f3n del modelo educativo de la<br \/>\nUAT, basado en un enfoque humanista.<br \/>\nEstas acciones tienen como objetivo reforzar la preparaci\u00f3n de los estudiantes,<br \/>\nbrind\u00e1ndoles herramientas para enfrentar con \u00e9xito los desaf\u00edos acad\u00e9micos y<br \/>\nprofesionales.<br \/>\nAdicionalmente, promueve el bienestar integral de sus estudiantes, abordando aspectos<br \/>\nclave como la salud, la formaci\u00f3n en valores, la seguridad, el aprendizaje y la resiliencia.<\/p>\n","protected":false},"excerpt":{"rendered":"Como parte de su labor institucional para fortalecer la educaci\u00f3n media superior, la Universidad Aut\u00f3noma de Tamaulipas llev\u00f3 a cabo el Tercer Taller de Homologaci\u00f3n al Modelo de Bachillerato General UAT, dirigido a las escuelas preparatorias incorporadas a esta casa de estudios. El programa realizado en el Centro de Excelencia del Campus Tampico reuni\u00f3 a","protected":false},"author":1,"featured_media":3276,"comment_status":"open","ping_status":"open","sticky":false,"template":"","format":"standard","meta":{"_monsterinsights_skip_tracking":false,"_monsterinsights_sitenote_active":false,"_monsterinsights_sitenote_note":"","_monsterinsights_sitenote_category":0,"footnotes":""},"categories":[3],"tags":[],"class_list":["post-3275","post","type-post","status-publish","format-standard","has-post-thumbnail","hentry","category-noticias"],"aioseo_notices":[],"amp_enabled":true,"_links":{"self":[{"href":"https:\/\/tamaulipasmiregion.com\/index.php?rest_route=\/wp\/v2\/posts\/3275","targetHints":{"allow":["GET"]}}],"collection":[{"href":"https:\/\/tamaulipasmiregion.com\/index.php?rest_route=\/wp\/v2\/posts"}],"about":[{"href":"https:\/\/tamaulipasmiregion.com\/index.php?rest_route=\/wp\/v2\/types\/post"}],"author":[{"embeddable":true,"href":"https:\/\/tamaulipasmiregion.com\/index.php?rest_route=\/wp\/v2\/users\/1"}],"replies":[{"embeddable":true,"href":"https:\/\/tamaulipasmiregion.com\/index.php?rest_route=%2Fwp%2Fv2%2Fcomments&post=3275"}],"version-history":[{"count":1,"href":"https:\/\/tamaulipasmiregion.com\/index.php?rest_route=\/wp\/v2\/posts\/3275\/revisions"}],"predecessor-version":[{"id":3277,"href":"https:\/\/tamaulipasmiregion.com\/index.php?rest_route=\/wp\/v2\/posts\/3275\/revisions\/3277"}],"wp:featuredmedia":[{"embeddable":true,"href":"https:\/\/tamaulipasmiregion.com\/index.php?rest_route=\/wp\/v2\/media\/3276"}],"wp:attachment":[{"href":"https:\/\/tamaulipasmiregion.com\/index.php?rest_route=%2Fwp%2Fv2%2Fmedia&parent=3275"}],"wp:term":[{"taxonomy":"category","embeddable":true,"href":"https:\/\/tamaulipasmiregion.com\/index.php?rest_route=%2Fwp%2Fv2%2Fcategories&post=3275"},{"taxonomy":"post_tag","embeddable":true,"href":"https:\/\/tamaulipasmiregion.com\/index.php?rest_route=%2Fwp%2Fv2%2Ftags&post=3275"}],"curies":[{"name":"wp","href":"https:\/\/api.w.org\/{rel}","templated":true}]}}