{"id":3281,"date":"2025-03-24T19:32:58","date_gmt":"2025-03-24T19:32:58","guid":{"rendered":"https:\/\/tamaulipasmiregion.com\/?p=3281"},"modified":"2025-03-29T19:33:57","modified_gmt":"2025-03-29T19:33:57","slug":"la-uat-y-el-congreso-itinerante-realizan-brigada-medica-universitaria-en-nuevo-laredo","status":"publish","type":"post","link":"https:\/\/tamaulipasmiregion.com\/?p=3281","title":{"rendered":"La UAT y el Congreso Itinerante realizan brigada m\u00e9dica universitaria en Nuevo Laredo"},"content":{"rendered":"<p>El rector D\u00e1maso Anaya Alvarado presidi\u00f3 el arranque de la Brigada M\u00e9dica Universitaria,<br \/>\norganizada por la Universidad Aut\u00f3noma de Tamaulipas (UAT) y el Congreso Itinerante del Estado,<br \/>\nteniendo como sede a la Facultad de Comercio, Administraci\u00f3n y Ciencias Sociales Nuevo Laredo.<br \/>\nCon la presencia de la alcaldesa Carmen Lilia Canturosas Villarreal y el diputado Humberto Armando<br \/>\nPrieto Herrera, presidente del Congreso del Estado, el rector D\u00e1maso Anaya destac\u00f3 la oportunidad<br \/>\nde celebrar esta brigada de salud como parte de las actividades itinerantes de la 66 Legislatura Local<br \/>\nque han dado inicio en esta ciudad fronteriza.<br \/>\nAcompa\u00f1ado del director del plantel universitario sede de este evento, Ren\u00e9 Adri\u00e1n Salinas Salinas,<br \/>\nel rector dio la bienvenida a diputadas y diputados, as\u00ed como a las autoridades municipales,<br \/>\nresaltando su agradecimiento a la Facultad de Comercio de Nuevo Laredo por facilitar esta jornada<br \/>\nal servicio de toda la comunidad.<br \/>\nA su vez, reconoci\u00f3 el apoyo del gobernador Am\u00e9rico Villarreal Anaya por su visi\u00f3n y compromiso<br \/>\ncon la salud p\u00fablica, as\u00ed como al Congreso del Estado por su impulso a estas iniciativas, subrayando<br \/>\nel compromiso de la Universidad de colaborar en acciones que impacten positivamente en la<br \/>\nsociedad.<br \/>\nPor su parte, la diputada local Ana Laura Huerta Valdovinos, destac\u00f3 la importancia de acercar estos<br \/>\nservicios m\u00e9dicos a la poblaci\u00f3n de Nuevo Laredo y resalt\u00f3 la necesidad de continuar impulsando<br \/>\nacciones en conjunto en beneficio de la salud p\u00fablica.<br \/>\nLa comitiva hizo un recorrido por los m\u00f3dulos de la brigada m\u00e9dica que se lleva a cabo los d\u00edas 24 y<br \/>\n25 de marzo en el Edificio Administrativo de la Facultad de la UAT en Nuevo Laredo, ofreciendo una<br \/>\namplia gama de servicios de salud.<br \/>\nR-AP-01-34-01 Ver. 2<br \/>\nACT. 19\/07\/2024<br \/>\nEntre estos se encuentran la detecci\u00f3n temprana de c\u00e1ncer de mama, chequeos generales de<br \/>\npresi\u00f3n arterial, pruebas r\u00e1pidas de glucosa capilar (para personas con factores de riesgo), VIH de<br \/>\ncuarta generaci\u00f3n y s\u00edfilis. Y como parte de la estrategia de prevenci\u00f3n, se aplican vacunas contra<br \/>\nsarampi\u00f3n, rub\u00e9ola, hepatitis B, tosferina y papiloma humano, adem\u00e1s de revisi\u00f3n odontol\u00f3gica,<br \/>\nsalud sexual y planificaci\u00f3n familiar.<\/p>\n","protected":false},"excerpt":{"rendered":"El rector D\u00e1maso Anaya Alvarado presidi\u00f3 el arranque de la Brigada M\u00e9dica Universitaria, organizada por la Universidad Aut\u00f3noma de Tamaulipas (UAT) y el Congreso Itinerante del Estado, teniendo como sede a la Facultad de Comercio, Administraci\u00f3n y Ciencias Sociales Nuevo Laredo. Con la presencia de la alcaldesa Carmen Lilia Canturosas Villarreal y el diputado Humberto","protected":false},"author":1,"featured_media":3282,"comment_status":"open","ping_status":"open","sticky":false,"template":"","format":"standard","meta":{"_monsterinsights_skip_tracking":false,"_monsterinsights_sitenote_active":false,"_monsterinsights_sitenote_note":"","_monsterinsights_sitenote_category":0,"footnotes":""},"categories":[3],"tags":[],"class_list":["post-3281","post","type-post","status-publish","format-standard","has-post-thumbnail","hentry","category-noticias"],"aioseo_notices":[],"amp_enabled":true,"_links":{"self":[{"href":"https:\/\/tamaulipasmiregion.com\/index.php?rest_route=\/wp\/v2\/posts\/3281","targetHints":{"allow":["GET"]}}],"collection":[{"href":"https:\/\/tamaulipasmiregion.com\/index.php?rest_route=\/wp\/v2\/posts"}],"about":[{"href":"https:\/\/tamaulipasmiregion.com\/index.php?rest_route=\/wp\/v2\/types\/post"}],"author":[{"embeddable":true,"href":"https:\/\/tamaulipasmiregion.com\/index.php?rest_route=\/wp\/v2\/users\/1"}],"replies":[{"embeddable":true,"href":"https:\/\/tamaulipasmiregion.com\/index.php?rest_route=%2Fwp%2Fv2%2Fcomments&post=3281"}],"version-history":[{"count":2,"href":"https:\/\/tamaulipasmiregion.com\/index.php?rest_route=\/wp\/v2\/posts\/3281\/revisions"}],"predecessor-version":[{"id":3284,"href":"https:\/\/tamaulipasmiregion.com\/index.php?rest_route=\/wp\/v2\/posts\/3281\/revisions\/3284"}],"wp:featuredmedia":[{"embeddable":true,"href":"https:\/\/tamaulipasmiregion.com\/index.php?rest_route=\/wp\/v2\/media\/3282"}],"wp:attachment":[{"href":"https:\/\/tamaulipasmiregion.com\/index.php?rest_route=%2Fwp%2Fv2%2Fmedia&parent=3281"}],"wp:term":[{"taxonomy":"category","embeddable":true,"href":"https:\/\/tamaulipasmiregion.com\/index.php?rest_route=%2Fwp%2Fv2%2Fcategories&post=3281"},{"taxonomy":"post_tag","embeddable":true,"href":"https:\/\/tamaulipasmiregion.com\/index.php?rest_route=%2Fwp%2Fv2%2Ftags&post=3281"}],"curies":[{"name":"wp","href":"https:\/\/api.w.org\/{rel}","templated":true}]}}