{"id":3285,"date":"2025-03-25T19:36:04","date_gmt":"2025-03-25T19:36:04","guid":{"rendered":"https:\/\/tamaulipasmiregion.com\/?p=3285"},"modified":"2025-03-29T19:37:04","modified_gmt":"2025-03-29T19:37:04","slug":"firma-la-uat-convenio-con-el-ine-y-el-ietam","status":"publish","type":"post","link":"https:\/\/tamaulipasmiregion.com\/?p=3285","title":{"rendered":"Firma la UAT convenio con el INE y el IETAM"},"content":{"rendered":"<p>La Universidad Aut\u00f3noma de Tamaulipas (UAT) colaborar\u00e1 con el Instituto Nacional Electoral (INE)<br \/>\ny el Instituto Electoral de Tamaulipas (IETAM) en el desarrollo de los foros y debates para la elecci\u00f3n<br \/>\nextraordinaria del Poder Judicial Federal y Local 2024-2025.<br \/>\nLo anterior qued\u00f3 establecido mediante la firma de convenio presidida por el rector de la UAT,<br \/>\nD\u00e1maso Anaya Alvarado, junto al vocal ejecutivo del INE en Tamaulipas, Sergio Iv\u00e1n Ruiz Castellot,<br \/>\ny el consejero presidente del IETAM, Juan Jos\u00e9 Guadalupe Ramos Charre.<br \/>\nEn este marco, D\u00e1maso Anaya destac\u00f3 el prop\u00f3sito de que la Universidad sea la plataforma en la<br \/>\norganizaci\u00f3n y desarrollo de los foros de debate entre los candidatos y candidatas a juezas, jueces,<br \/>\nmagistradas y magistrados.<br \/>\nSe\u00f1al\u00f3 que estos debates son ejercicios esenciales para una democracia sana, que permite a la<br \/>\nciudadan\u00eda escuchar, contrastar y formar un juicio propio sobre las propuestas, trayectorias y<br \/>\ncapacidades de quienes aspiran a impartir justicia.<br \/>\nA\u00f1adi\u00f3 que, por ello, este convenio representa el compromiso institucional para fortalecer la<br \/>\nparticipaci\u00f3n democr\u00e1tica en un proceso extraordinario que no tiene precedentes y que abre un<br \/>\nnuevo cap\u00edtulo en la forma en que se configura el Poder Judicial.<br \/>\nPor su parte, el vocal ejecutivo del INE, Sergio Iv\u00e1n Ruiz Castellot, agradeci\u00f3 a la UAT por abrir sus<br \/>\npuertas a las autoridades electorales y a las candidatas y candidatos que habr\u00e1n de contender por<br \/>\ndiferentes cargos del Poder Judicial, tanto en el nivel federal como estatal.<br \/>\nReconoci\u00f3 tambi\u00e9n la participaci\u00f3n de la UAT, ya que aportar\u00e1 una base cultural-electoral en los<br \/>\nj\u00f3venes, quienes conocer\u00e1n c\u00f3mo ejercer sus derechos y c\u00f3mo involucrarse generando espacios de<br \/>\nconocimiento e interacci\u00f3n.<br \/>\nLa exposici\u00f3n de motivos estuvo a cargo del consejero presidente del IETAM, Juan Jos\u00e9 Guadalupe<br \/>\nRamos Charre, quien agradeci\u00f3 a la UAT la disposici\u00f3n de participar en un proceso hist\u00f3rico donde<br \/>\nR-AP-01-34-01 Ver. 2<br \/>\nACT. 19\/07\/2024<br \/>\nse elegir\u00e1n por primera vez a las y los ciudadanos que ocupar\u00e1n los 147 cargos que corresponden al<br \/>\nPoder Judicial de Tamaulipas. Asimismo, destac\u00f3 el apoyo permanente de la UAT, que ha sido un<br \/>\nimportante aliado de las actividades del IETAM y del quehacer democr\u00e1tico en la entidad.<br \/>\nDurante la ceremonia se cont\u00f3 con la presencia de la presidenta de Familia UAT, Isolda Rend\u00f3n de<br \/>\nAnaya, consejeros electorales y funcionarios de la rector\u00eda.<\/p>\n","protected":false},"excerpt":{"rendered":"La Universidad Aut\u00f3noma de Tamaulipas (UAT) colaborar\u00e1 con el Instituto Nacional Electoral (INE) y el Instituto Electoral de Tamaulipas (IETAM) en el desarrollo de los foros y debates para la elecci\u00f3n extraordinaria del Poder Judicial Federal y Local 2024-2025. Lo anterior qued\u00f3 establecido mediante la firma de convenio presidida por el rector de la UAT,","protected":false},"author":1,"featured_media":3286,"comment_status":"open","ping_status":"open","sticky":false,"template":"","format":"standard","meta":{"_monsterinsights_skip_tracking":false,"_monsterinsights_sitenote_active":false,"_monsterinsights_sitenote_note":"","_monsterinsights_sitenote_category":0,"footnotes":""},"categories":[3],"tags":[],"class_list":["post-3285","post","type-post","status-publish","format-standard","has-post-thumbnail","hentry","category-noticias"],"aioseo_notices":[],"amp_enabled":true,"_links":{"self":[{"href":"https:\/\/tamaulipasmiregion.com\/index.php?rest_route=\/wp\/v2\/posts\/3285","targetHints":{"allow":["GET"]}}],"collection":[{"href":"https:\/\/tamaulipasmiregion.com\/index.php?rest_route=\/wp\/v2\/posts"}],"about":[{"href":"https:\/\/tamaulipasmiregion.com\/index.php?rest_route=\/wp\/v2\/types\/post"}],"author":[{"embeddable":true,"href":"https:\/\/tamaulipasmiregion.com\/index.php?rest_route=\/wp\/v2\/users\/1"}],"replies":[{"embeddable":true,"href":"https:\/\/tamaulipasmiregion.com\/index.php?rest_route=%2Fwp%2Fv2%2Fcomments&post=3285"}],"version-history":[{"count":2,"href":"https:\/\/tamaulipasmiregion.com\/index.php?rest_route=\/wp\/v2\/posts\/3285\/revisions"}],"predecessor-version":[{"id":3288,"href":"https:\/\/tamaulipasmiregion.com\/index.php?rest_route=\/wp\/v2\/posts\/3285\/revisions\/3288"}],"wp:featuredmedia":[{"embeddable":true,"href":"https:\/\/tamaulipasmiregion.com\/index.php?rest_route=\/wp\/v2\/media\/3286"}],"wp:attachment":[{"href":"https:\/\/tamaulipasmiregion.com\/index.php?rest_route=%2Fwp%2Fv2%2Fmedia&parent=3285"}],"wp:term":[{"taxonomy":"category","embeddable":true,"href":"https:\/\/tamaulipasmiregion.com\/index.php?rest_route=%2Fwp%2Fv2%2Fcategories&post=3285"},{"taxonomy":"post_tag","embeddable":true,"href":"https:\/\/tamaulipasmiregion.com\/index.php?rest_route=%2Fwp%2Fv2%2Ftags&post=3285"}],"curies":[{"name":"wp","href":"https:\/\/api.w.org\/{rel}","templated":true}]}}