{"id":3292,"date":"2025-03-28T19:47:53","date_gmt":"2025-03-28T19:47:53","guid":{"rendered":"https:\/\/tamaulipasmiregion.com\/?p=3292"},"modified":"2025-03-29T19:54:39","modified_gmt":"2025-03-29T19:54:39","slug":"en-el-marco-de-la-vinculacion-con-los-gobiernos-municipales","status":"publish","type":"post","link":"https:\/\/tamaulipasmiregion.com\/?p=3292","title":{"rendered":"En el marco de la vinculaci\u00f3n con los gobiernos municipales,"},"content":{"rendered":"<p>el rector de la Universidad Aut\u00f3noma<br \/>\nde Tamaulipas (UAT), D\u00e1maso Anaya Alvarado, presidi\u00f3 una reuni\u00f3n con alcaldes y alcaldesas de<br \/>\nayuntamientos de la zona centro del estado, para dar a conocer los programas acad\u00e9micos dirigidos<br \/>\na fortalecer la formaci\u00f3n de quienes se desempe\u00f1an en la administraci\u00f3n p\u00fablica y en los \u00f3rganos<br \/>\nlegislativos y de gobierno municipal.<br \/>\nDurante la sesi\u00f3n, celebrada en la Facultad de Derecho y Ciencias Sociales de Victoria (FDCSV), el<br \/>\nrector resalt\u00f3 la importancia de este encuentro como una oportunidad para estrechar lazos de<br \/>\ncolaboraci\u00f3n que impulsen el desarrollo acad\u00e9mico y profesional de los j\u00f3venes en sus municipios.<br \/>\nAcompa\u00f1ado del director del plantel, Edy Izaguirre Trevi\u00f1o, y su equipo de trabajo, el rector<br \/>\nagradeci\u00f3 la presencia de Glynnis Jim\u00e9nez V\u00e1zquez, Gaudisela Ram\u00edrez Zavala, Yazm\u00edn Salda\u00f1a<br \/>\nP\u00e9rez, Mar\u00eda Dolores Mansilla Huerta y Mar\u00eda Isabel R\u00edos Tovar, alcaldesas de Soto la Marina, San<br \/>\nCarlos, Abasolo, Mainero y Villagr\u00e1n, respectivamente.<br \/>\nAsimismo, dio la bienvenida a Carlos Quintanilla Selvera, Pr\u00e1xedis Guajardo Reyna, Jorge Hinojosa<br \/>\nGarc\u00eda y Jos\u00e9 Morales Amaro, presidentes de los municipios de Padilla, Hidalgo, Casas y G\u00fc\u00e9mez.<br \/>\nEn este marco, se hizo la presentaci\u00f3n del Diplomado en Derecho Municipal y la Maestr\u00eda en<br \/>\nDerecho con \u00e9nfasis en Municipal y Parlamentario, que impartir\u00e1 la Facultad de Derecho Victoria,<br \/>\ncon el fin de capacitar a los servidores p\u00fablicos y a profesionistas en \u00e1reas como la legislaci\u00f3n de la<br \/>\nadministraci\u00f3n p\u00fablica municipal.<br \/>\nEl rector D\u00e1maso Anaya reafirm\u00f3 el compromiso de la Universidad por ofrecer m\u00e1s y mejores<br \/>\nopciones de educaci\u00f3n en los municipios que no cuentan con estos servicios acad\u00e9micos.<br \/>\nR-AP-01-34-01 Ver. 2<br \/>\nACT. 19\/07\/2024<br \/>\nEnfatiz\u00f3 que la UAT seguir\u00e1 abriendo sus puertas a los ayuntamientos para escuchar propuestas y<br \/>\nentablar proyectos conjuntos, con el prop\u00f3sito de vincular y extender los servicios universitarios a<br \/>\ntodas las zonas de Tamaulipas y colaborar en el desarrollo de las regiones.<\/p>\n","protected":false},"excerpt":{"rendered":"el rector de la Universidad Aut\u00f3noma de Tamaulipas (UAT), D\u00e1maso Anaya Alvarado, presidi\u00f3 una reuni\u00f3n con alcaldes y alcaldesas de ayuntamientos de la zona centro del estado, para dar a conocer los programas acad\u00e9micos dirigidos a fortalecer la formaci\u00f3n de quienes se desempe\u00f1an en la administraci\u00f3n p\u00fablica y en los \u00f3rganos legislativos y de gobierno","protected":false},"author":1,"featured_media":3293,"comment_status":"open","ping_status":"open","sticky":false,"template":"","format":"standard","meta":{"_monsterinsights_skip_tracking":false,"_monsterinsights_sitenote_active":false,"_monsterinsights_sitenote_note":"","_monsterinsights_sitenote_category":0,"footnotes":""},"categories":[3],"tags":[],"class_list":["post-3292","post","type-post","status-publish","format-standard","has-post-thumbnail","hentry","category-noticias"],"aioseo_notices":[],"amp_enabled":true,"_links":{"self":[{"href":"https:\/\/tamaulipasmiregion.com\/index.php?rest_route=\/wp\/v2\/posts\/3292","targetHints":{"allow":["GET"]}}],"collection":[{"href":"https:\/\/tamaulipasmiregion.com\/index.php?rest_route=\/wp\/v2\/posts"}],"about":[{"href":"https:\/\/tamaulipasmiregion.com\/index.php?rest_route=\/wp\/v2\/types\/post"}],"author":[{"embeddable":true,"href":"https:\/\/tamaulipasmiregion.com\/index.php?rest_route=\/wp\/v2\/users\/1"}],"replies":[{"embeddable":true,"href":"https:\/\/tamaulipasmiregion.com\/index.php?rest_route=%2Fwp%2Fv2%2Fcomments&post=3292"}],"version-history":[{"count":1,"href":"https:\/\/tamaulipasmiregion.com\/index.php?rest_route=\/wp\/v2\/posts\/3292\/revisions"}],"predecessor-version":[{"id":3294,"href":"https:\/\/tamaulipasmiregion.com\/index.php?rest_route=\/wp\/v2\/posts\/3292\/revisions\/3294"}],"wp:featuredmedia":[{"embeddable":true,"href":"https:\/\/tamaulipasmiregion.com\/index.php?rest_route=\/wp\/v2\/media\/3293"}],"wp:attachment":[{"href":"https:\/\/tamaulipasmiregion.com\/index.php?rest_route=%2Fwp%2Fv2%2Fmedia&parent=3292"}],"wp:term":[{"taxonomy":"category","embeddable":true,"href":"https:\/\/tamaulipasmiregion.com\/index.php?rest_route=%2Fwp%2Fv2%2Fcategories&post=3292"},{"taxonomy":"post_tag","embeddable":true,"href":"https:\/\/tamaulipasmiregion.com\/index.php?rest_route=%2Fwp%2Fv2%2Ftags&post=3292"}],"curies":[{"name":"wp","href":"https:\/\/api.w.org\/{rel}","templated":true}]}}