{"id":3300,"date":"2025-03-30T23:12:28","date_gmt":"2025-03-30T23:12:28","guid":{"rendered":"https:\/\/tamaulipasmiregion.com\/?p=3300"},"modified":"2025-03-31T23:13:19","modified_gmt":"2025-03-31T23:13:19","slug":"damaso-anaya-rendira-su-primer-informe-al-frente-de-la-uat","status":"publish","type":"post","link":"https:\/\/tamaulipasmiregion.com\/?p=3300","title":{"rendered":"D\u00e1maso Anaya rendir\u00e1 su primer informe al frente de la UAT"},"content":{"rendered":"<p>En cumplimiento con la transparencia y rendici\u00f3n de cuentas, y de conformidad con el Estatuto<br \/>\nUniversitario, el rector de la Universidad Aut\u00f3noma de Tamaulipas (UAT), D\u00e1maso Anaya Alvarado,<br \/>\npresentar\u00e1 este 4 de abril su Primer Informe de Labores.<br \/>\nTeniendo como marco la celebraci\u00f3n del 75 aniversario de la UAT, el rector rendir\u00e1 su informe ante<br \/>\nla Asamblea General Universitaria, integrada por las directoras y directores de las 27 dependencias<br \/>\nacad\u00e9micas, as\u00ed como por representantes de docentes y estudiantes.<br \/>\nEn la ceremonia, que tendr\u00e1 como recinto oficial el Gimnasio Multidisciplinario del Campus Victoria,<br \/>\nse contar\u00e1 con la presencia, como invitados de honor, de las autoridades de los tres \u00f3rdenes de<br \/>\ngobierno, autoridades municipales, del sistema educativo y representantes de organismos p\u00fablicos,<br \/>\nprivados y sociales.<br \/>\nD\u00e1maso Anaya dar\u00e1 a conocer los avances y logros alcanzados del Plan de Desarrollo Institucional<br \/>\n2024-2028, a poco m\u00e1s de un a\u00f1o de asumir el m\u00e1ximo cargo directivo de la casa de estudios, cuya<br \/>\ngesti\u00f3n ha proyectado una Universidad conectada con la sociedad, enfocada en la formaci\u00f3n<br \/>\ninclusiva, la innovaci\u00f3n y la sostenibilidad, con la misi\u00f3n clara de inspirar y transformar.<br \/>\nEn ese sentido, busca consolidar a la UAT como una Universidad de excelencia, promoviendo el<br \/>\ndesarrollo de infraestructura y la expansi\u00f3n y el crecimiento acad\u00e9mico.<br \/>\nDar\u00e1 cuenta del fortalecimiento a rubros como la vinculaci\u00f3n con organismos gubernamentales,<br \/>\nempresariales y sectores estrat\u00e9gicos en todas las regiones del estado, as\u00ed como instituciones<br \/>\neducativas locales, nacionales y del extranjero, permitiendo la generaci\u00f3n de alianzas para la<br \/>\ninvestigaci\u00f3n y la movilidad acad\u00e9mica.<br \/>\nInformar\u00e1 de los programas de apoyo a la comunidad estudiantil mediante becas, est\u00edmulos y<br \/>\nequipamiento educativo, as\u00ed como las acciones en beneficio del personal acad\u00e9mico.<br \/>\nR-AP-01-34-01 Ver. 2<br \/>\nACT. 19\/07\/2024<br \/>\nMediante este ejercicio de rendici\u00f3n de cuentas a la sociedad en general, D\u00e1maso Anaya no solo<br \/>\nresaltar\u00e1 los resultados de su primer a\u00f1o de gesti\u00f3n, sino que tambi\u00e9n delinear\u00e1 las perspectivas<br \/>\npara fortalecer la identidad de la UAT como una Universidad de vanguardia, comprometida con la<br \/>\nexcelencia acad\u00e9mica, la innovaci\u00f3n y el desarrollo integral de su comunidad.<\/p>\n","protected":false},"excerpt":{"rendered":"En cumplimiento con la transparencia y rendici\u00f3n de cuentas, y de conformidad con el Estatuto Universitario, el rector de la Universidad Aut\u00f3noma de Tamaulipas (UAT), D\u00e1maso Anaya Alvarado, presentar\u00e1 este 4 de abril su Primer Informe de Labores. Teniendo como marco la celebraci\u00f3n del 75 aniversario de la UAT, el rector rendir\u00e1 su informe ante","protected":false},"author":1,"featured_media":3301,"comment_status":"open","ping_status":"open","sticky":false,"template":"","format":"standard","meta":{"_monsterinsights_skip_tracking":false,"_monsterinsights_sitenote_active":false,"_monsterinsights_sitenote_note":"","_monsterinsights_sitenote_category":0,"footnotes":""},"categories":[3],"tags":[],"class_list":["post-3300","post","type-post","status-publish","format-standard","has-post-thumbnail","hentry","category-noticias"],"aioseo_notices":[],"amp_enabled":true,"_links":{"self":[{"href":"https:\/\/tamaulipasmiregion.com\/index.php?rest_route=\/wp\/v2\/posts\/3300","targetHints":{"allow":["GET"]}}],"collection":[{"href":"https:\/\/tamaulipasmiregion.com\/index.php?rest_route=\/wp\/v2\/posts"}],"about":[{"href":"https:\/\/tamaulipasmiregion.com\/index.php?rest_route=\/wp\/v2\/types\/post"}],"author":[{"embeddable":true,"href":"https:\/\/tamaulipasmiregion.com\/index.php?rest_route=\/wp\/v2\/users\/1"}],"replies":[{"embeddable":true,"href":"https:\/\/tamaulipasmiregion.com\/index.php?rest_route=%2Fwp%2Fv2%2Fcomments&post=3300"}],"version-history":[{"count":1,"href":"https:\/\/tamaulipasmiregion.com\/index.php?rest_route=\/wp\/v2\/posts\/3300\/revisions"}],"predecessor-version":[{"id":3302,"href":"https:\/\/tamaulipasmiregion.com\/index.php?rest_route=\/wp\/v2\/posts\/3300\/revisions\/3302"}],"wp:featuredmedia":[{"embeddable":true,"href":"https:\/\/tamaulipasmiregion.com\/index.php?rest_route=\/wp\/v2\/media\/3301"}],"wp:attachment":[{"href":"https:\/\/tamaulipasmiregion.com\/index.php?rest_route=%2Fwp%2Fv2%2Fmedia&parent=3300"}],"wp:term":[{"taxonomy":"category","embeddable":true,"href":"https:\/\/tamaulipasmiregion.com\/index.php?rest_route=%2Fwp%2Fv2%2Fcategories&post=3300"},{"taxonomy":"post_tag","embeddable":true,"href":"https:\/\/tamaulipasmiregion.com\/index.php?rest_route=%2Fwp%2Fv2%2Ftags&post=3300"}],"curies":[{"name":"wp","href":"https:\/\/api.w.org\/{rel}","templated":true}]}}