{"id":3310,"date":"2025-04-01T17:22:42","date_gmt":"2025-04-01T17:22:42","guid":{"rendered":"https:\/\/tamaulipasmiregion.com\/?p=3310"},"modified":"2025-04-03T17:23:37","modified_gmt":"2025-04-03T17:23:37","slug":"envia-la-uat-viveres-en-apoyo-a-damnificados-de-reynosa","status":"publish","type":"post","link":"https:\/\/tamaulipasmiregion.com\/?p=3310","title":{"rendered":"Env\u00eda la UAT v\u00edveres en apoyo a damnificados de Reynosa"},"content":{"rendered":"<p>El rector de la Universidad Aut\u00f3noma de Tamaulipas (UAT), D\u00e1maso Anaya Alvarado,<br \/>\nencabez\u00f3 este martes 1 de abril la salida de v\u00edveres recaudados en la colecta \u201cJuntos por<br \/>\nReynosa\u201d, organizada para brindar apoyo a las familias afectadas por las recientes lluvias e<br \/>\ninundaciones en el norte del estado.<br \/>\nDurante el evento, el rector, acompa\u00f1ado por su esposa, Isolda Rend\u00f3n de Anaya, presidenta<br \/>\nde Familia UAT, y Alma Hern\u00e1ndez Ilizaliturri, secretaria de Gesti\u00f3n Escolar de la UAT,<br \/>\ndestac\u00f3 la pronta respuesta de la comunidad universitaria ante esta emergencia, la cual refleja<br \/>\nlos principios fundamentales de la instituci\u00f3n, particularmente su visi\u00f3n humanista y su firme<br \/>\ncompromiso con el bienestar social.<br \/>\nAnaya Alvarado subray\u00f3 que, m\u00e1s all\u00e1 de su labor acad\u00e9mica, la UAT ha demostrado que<br \/>\nsus valores de solidaridad y vocaci\u00f3n de servicio se traducen en acciones concretas,<br \/>\nespecialmente en momentos de crisis como los que atraviesa Reynosa.<br \/>\nLa colecta, iniciada el viernes 28 de marzo, moviliz\u00f3 a estudiantes, acad\u00e9micos y personal<br \/>\nadministrativo, quienes trabajaron incansablemente durante el fin de semana para reunir<br \/>\nv\u00edveres, habilitando tambi\u00e9n un centro de acopio en las oficinas centrales de la zona sur, en<br \/>\nel cual se recibi\u00f3 la respuesta positiva de toda la comunidad universitaria.<br \/>\nEn total, se recolectaron m\u00e1s de 4,415 art\u00edculos en Ciudad Victoria, entre ellos despensas<br \/>\nalimentarias, productos de higiene y agua, los cuales fueron transportados a Reynosa.<br \/>\nPor su parte, la UAT en Tampico activ\u00f3 su red de apoyo, recolectando m\u00e1s de 1,000<br \/>\ndespensas. Los art\u00edculos recolectados incluyen agua, alimentos no perecederos como frijoles,<br \/>\narroz, aceite, at\u00fan, pastas, conservas; as\u00ed como productos de higiene y limpieza como papel<br \/>\nsanitario, pa\u00f1ales, jabones, cloro y toallas sanitarias.<br \/>\nLos donativos ser\u00e1n entregados principalmente a las familias de la comunidad universitaria<br \/>\nde Reynosa, quienes han sufrido los da\u00f1os causados por las inundaciones, as\u00ed como a otras<br \/>\nR-AP-01-34-01 Ver. 2<br \/>\nACT. 19\/07\/2024<br \/>\npersonas de la ciudad en apoyo a sus necesidades. Los art\u00edculos recolectados ser\u00e1n recibidos<br \/>\nen el centro de acopio de Reynosa, ubicado en el gimnasio Multidisciplinario.<\/p>\n","protected":false},"excerpt":{"rendered":"El rector de la Universidad Aut\u00f3noma de Tamaulipas (UAT), D\u00e1maso Anaya Alvarado, encabez\u00f3 este martes 1 de abril la salida de v\u00edveres recaudados en la colecta \u201cJuntos por Reynosa\u201d, organizada para brindar apoyo a las familias afectadas por las recientes lluvias e inundaciones en el norte del estado. Durante el evento, el rector, acompa\u00f1ado por","protected":false},"author":1,"featured_media":3308,"comment_status":"open","ping_status":"open","sticky":false,"template":"","format":"standard","meta":{"_monsterinsights_skip_tracking":false,"_monsterinsights_sitenote_active":false,"_monsterinsights_sitenote_note":"","_monsterinsights_sitenote_category":0,"footnotes":""},"categories":[3],"tags":[],"class_list":["post-3310","post","type-post","status-publish","format-standard","has-post-thumbnail","hentry","category-noticias"],"aioseo_notices":[],"amp_enabled":true,"_links":{"self":[{"href":"https:\/\/tamaulipasmiregion.com\/index.php?rest_route=\/wp\/v2\/posts\/3310","targetHints":{"allow":["GET"]}}],"collection":[{"href":"https:\/\/tamaulipasmiregion.com\/index.php?rest_route=\/wp\/v2\/posts"}],"about":[{"href":"https:\/\/tamaulipasmiregion.com\/index.php?rest_route=\/wp\/v2\/types\/post"}],"author":[{"embeddable":true,"href":"https:\/\/tamaulipasmiregion.com\/index.php?rest_route=\/wp\/v2\/users\/1"}],"replies":[{"embeddable":true,"href":"https:\/\/tamaulipasmiregion.com\/index.php?rest_route=%2Fwp%2Fv2%2Fcomments&post=3310"}],"version-history":[{"count":1,"href":"https:\/\/tamaulipasmiregion.com\/index.php?rest_route=\/wp\/v2\/posts\/3310\/revisions"}],"predecessor-version":[{"id":3311,"href":"https:\/\/tamaulipasmiregion.com\/index.php?rest_route=\/wp\/v2\/posts\/3310\/revisions\/3311"}],"wp:featuredmedia":[{"embeddable":true,"href":"https:\/\/tamaulipasmiregion.com\/index.php?rest_route=\/wp\/v2\/media\/3308"}],"wp:attachment":[{"href":"https:\/\/tamaulipasmiregion.com\/index.php?rest_route=%2Fwp%2Fv2%2Fmedia&parent=3310"}],"wp:term":[{"taxonomy":"category","embeddable":true,"href":"https:\/\/tamaulipasmiregion.com\/index.php?rest_route=%2Fwp%2Fv2%2Fcategories&post=3310"},{"taxonomy":"post_tag","embeddable":true,"href":"https:\/\/tamaulipasmiregion.com\/index.php?rest_route=%2Fwp%2Fv2%2Ftags&post=3310"}],"curies":[{"name":"wp","href":"https:\/\/api.w.org\/{rel}","templated":true}]}}