{"id":3315,"date":"2025-04-03T21:30:18","date_gmt":"2025-04-03T21:30:18","guid":{"rendered":"https:\/\/tamaulipasmiregion.com\/?p=3315"},"modified":"2025-04-03T21:30:18","modified_gmt":"2025-04-03T21:30:18","slug":"todo-esta-listo-para-el-primer-informe-del-rector-damaso-anaya","status":"publish","type":"post","link":"https:\/\/tamaulipasmiregion.com\/?p=3315","title":{"rendered":"Todo est\u00e1 listo para el Primer Informe del rector D\u00e1maso Anaya"},"content":{"rendered":"<p>Este lunes 7 de abril, en punto de las 12:00 horas, el rector de la Universidad Aut\u00f3noma de<br \/>\nTamaulipas (UAT), D\u00e1maso Anaya Alvarado, rendir\u00e1 su primer informe de labores al frente<br \/>\nde la casa de estudios, en ceremonia programada en el Gimnasio Multidisciplinario del<br \/>\nCampus Victoria.<br \/>\nEl primer informe del rector D\u00e1maso Anaya, se celebra en el marco del 75 aniversario de la<br \/>\nfundaci\u00f3n de la UAT, lo que refuerza el orgullo de una instituci\u00f3n que, con una gran historia<br \/>\ny tradici\u00f3n, hoy es el m\u00e1ximo referente educativo y social para los tamaulipecos.<br \/>\nEn cumplimiento del Estatuto Org\u00e1nico de la UAT, el informe de actividades es un ejercicio<br \/>\nde transparencia y rendici\u00f3n de cuentas que se lleva a cabo ante la Asamblea Universitaria,<br \/>\nintegrada por las directoras y directores de las 27 dependencias acad\u00e9micas, as\u00ed como por<br \/>\nrepresentantes de docentes y estudiantes.<br \/>\nEste evento, es un acto que se rinde no solo a la comunidad universitaria sino tambi\u00e9n a la<br \/>\nsociedad tamaulipeca, por lo que el evento ser\u00e1 transmitido en vivo a trav\u00e9s de las<br \/>\nplataformas digitales oficiales de la UAT, con acceso p\u00fablico.<br \/>\nCon la asistencia de autoridades de los tres \u00f3rdenes de gobierno y representantes de los<br \/>\nsectores p\u00fablico, privado y social, como testigos de honor, D\u00e1maso Anaya dar\u00e1 a conocer los<br \/>\nlogros y avances del primer a\u00f1o de su gesti\u00f3n rectoral.<br \/>\nDurante la ceremonia, el rector detallar\u00e1 los avances del Plan de Desarrollo Institucional<br \/>\n2024-2028, donde enfatizar\u00e1 el crecimiento hist\u00f3rico universitario y los esfuerzos para<br \/>\ngarantizar una educaci\u00f3n inclusiva y de calidad.<br \/>\nEntre los temas prioritarios de su informe, se destaca el incremento de programas acad\u00e9micos<br \/>\ncon reconocimiento internacional, el fortalecimiento de la movilidad estudiantil y docente,<br \/>\nalianzas estrat\u00e9gicas con sectores sociales, p\u00fablicos y productivos, obras de infraestructura<br \/>\nsin precedentes, programas de apoyo social para la comunidad y el impulso a la investigaci\u00f3n<br \/>\naplicada con impacto directo en la soci<\/p>\n","protected":false},"excerpt":{"rendered":"Este lunes 7 de abril, en punto de las 12:00 horas, el rector de la Universidad Aut\u00f3noma de Tamaulipas (UAT), D\u00e1maso Anaya Alvarado, rendir\u00e1 su primer informe de labores al frente de la casa de estudios, en ceremonia programada en el Gimnasio Multidisciplinario del Campus Victoria. El primer informe del rector D\u00e1maso Anaya, se celebra","protected":false},"author":1,"featured_media":3316,"comment_status":"open","ping_status":"open","sticky":false,"template":"","format":"standard","meta":{"_monsterinsights_skip_tracking":false,"_monsterinsights_sitenote_active":false,"_monsterinsights_sitenote_note":"","_monsterinsights_sitenote_category":0,"footnotes":""},"categories":[3],"tags":[],"class_list":["post-3315","post","type-post","status-publish","format-standard","has-post-thumbnail","hentry","category-noticias"],"aioseo_notices":[],"amp_enabled":true,"_links":{"self":[{"href":"https:\/\/tamaulipasmiregion.com\/index.php?rest_route=\/wp\/v2\/posts\/3315","targetHints":{"allow":["GET"]}}],"collection":[{"href":"https:\/\/tamaulipasmiregion.com\/index.php?rest_route=\/wp\/v2\/posts"}],"about":[{"href":"https:\/\/tamaulipasmiregion.com\/index.php?rest_route=\/wp\/v2\/types\/post"}],"author":[{"embeddable":true,"href":"https:\/\/tamaulipasmiregion.com\/index.php?rest_route=\/wp\/v2\/users\/1"}],"replies":[{"embeddable":true,"href":"https:\/\/tamaulipasmiregion.com\/index.php?rest_route=%2Fwp%2Fv2%2Fcomments&post=3315"}],"version-history":[{"count":1,"href":"https:\/\/tamaulipasmiregion.com\/index.php?rest_route=\/wp\/v2\/posts\/3315\/revisions"}],"predecessor-version":[{"id":3317,"href":"https:\/\/tamaulipasmiregion.com\/index.php?rest_route=\/wp\/v2\/posts\/3315\/revisions\/3317"}],"wp:featuredmedia":[{"embeddable":true,"href":"https:\/\/tamaulipasmiregion.com\/index.php?rest_route=\/wp\/v2\/media\/3316"}],"wp:attachment":[{"href":"https:\/\/tamaulipasmiregion.com\/index.php?rest_route=%2Fwp%2Fv2%2Fmedia&parent=3315"}],"wp:term":[{"taxonomy":"category","embeddable":true,"href":"https:\/\/tamaulipasmiregion.com\/index.php?rest_route=%2Fwp%2Fv2%2Fcategories&post=3315"},{"taxonomy":"post_tag","embeddable":true,"href":"https:\/\/tamaulipasmiregion.com\/index.php?rest_route=%2Fwp%2Fv2%2Ftags&post=3315"}],"curies":[{"name":"wp","href":"https:\/\/api.w.org\/{rel}","templated":true}]}}