{"id":3324,"date":"2025-04-06T19:55:40","date_gmt":"2025-04-06T19:55:40","guid":{"rendered":"https:\/\/tamaulipasmiregion.com\/?p=3324"},"modified":"2025-04-07T19:56:27","modified_gmt":"2025-04-07T19:56:27","slug":"aprueba-la-asamblea-universitaria-la-creacion-de-la-fundacion-uat","status":"publish","type":"post","link":"https:\/\/tamaulipasmiregion.com\/?p=3324","title":{"rendered":"Aprueba la Asamblea Universitaria la creaci\u00f3n de la Fundaci\u00f3n UAT"},"content":{"rendered":"<p>La Asamblea de la Universidad Aut\u00f3noma de Tamaulipas aprob\u00f3 la creaci\u00f3n de la Fundaci\u00f3n UAT,<br \/>\ncuyo prop\u00f3sito principal ser\u00e1 la promoci\u00f3n, apoyo e impulso de las actividades sustantivas de la<br \/>\nm\u00e1xima casa de estudios del estado.<br \/>\nAl presidir la sesi\u00f3n de asamble\u00edstas en el Campus Victoria, celebrada en la modalidad a distancia,<br \/>\nel rector D\u00e1maso Anaya Alvarado destac\u00f3 que la Fundaci\u00f3n UAT contribuir\u00e1 en fortalecer los<br \/>\nprogramas y servicios educativos que se ofrecen a la sociedad tamaulipeca.<br \/>\nDe igual manera, subray\u00f3 que abrir\u00e1 opciones para la promoci\u00f3n de actividades de investigaci\u00f3n<br \/>\ncient\u00edfica para formar profesionistas, investigadores, profesores universitarios y t\u00e9cnicos \u00fatiles a la<br \/>\nsociedad.<br \/>\nTambi\u00e9n permitir\u00e1 llevar a cabo actividades en beneficio de la sociedad en general, en \u00e1mbitos como<br \/>\nla equidad de g\u00e9nero, la participaci\u00f3n c\u00edvica y la ecolog\u00eda, adem\u00e1s de difundir ampliamente los<br \/>\nbeneficios de la cultura y en fortalecer la imagen institucional.<br \/>\nDurante la sesi\u00f3n, el rector puso en relieve la importancia de los acuerdos que se toman en este<br \/>\n\u00f3rgano colegiado, lo que permite estar a la vanguardia en reglamentos y normativas para responder<br \/>\na las necesidades de la educaci\u00f3n superior.<br \/>\nEn este marco, la Asamblea Universitaria aprob\u00f3 modificaciones al reglamento de personal<br \/>\nacad\u00e9mico y la propuesta de nombrar presidenta honoraria de Familia UAT a la Lic. Isolda Rend\u00f3n<br \/>\nMonterrey, con lo cual la Universidad reforzar\u00e1 las acciones sociales que realiza a favor de la<br \/>\ncomunidad en general.<br \/>\nEntre otros puntos, se aval\u00f3 la solicitud de la Facultad de M\u00fasica y Artes \u201cMtro. Manuel Barroso<br \/>\nRam\u00edrez\u201d para ofrecer a sus egresados opciones adicionales de titulaci\u00f3n.<br \/>\nR-AP-01-34-01 Ver. 2<br \/>\nACT. 19\/07\/2024<\/p>\n","protected":false},"excerpt":{"rendered":"La Asamblea de la Universidad Aut\u00f3noma de Tamaulipas aprob\u00f3 la creaci\u00f3n de la Fundaci\u00f3n UAT, cuyo prop\u00f3sito principal ser\u00e1 la promoci\u00f3n, apoyo e impulso de las actividades sustantivas de la m\u00e1xima casa de estudios del estado. Al presidir la sesi\u00f3n de asamble\u00edstas en el Campus Victoria, celebrada en la modalidad a distancia, el rector D\u00e1maso","protected":false},"author":1,"featured_media":3325,"comment_status":"open","ping_status":"open","sticky":false,"template":"","format":"standard","meta":{"_monsterinsights_skip_tracking":false,"_monsterinsights_sitenote_active":false,"_monsterinsights_sitenote_note":"","_monsterinsights_sitenote_category":0,"footnotes":""},"categories":[3],"tags":[],"class_list":["post-3324","post","type-post","status-publish","format-standard","has-post-thumbnail","hentry","category-noticias"],"aioseo_notices":[],"amp_enabled":true,"_links":{"self":[{"href":"https:\/\/tamaulipasmiregion.com\/index.php?rest_route=\/wp\/v2\/posts\/3324","targetHints":{"allow":["GET"]}}],"collection":[{"href":"https:\/\/tamaulipasmiregion.com\/index.php?rest_route=\/wp\/v2\/posts"}],"about":[{"href":"https:\/\/tamaulipasmiregion.com\/index.php?rest_route=\/wp\/v2\/types\/post"}],"author":[{"embeddable":true,"href":"https:\/\/tamaulipasmiregion.com\/index.php?rest_route=\/wp\/v2\/users\/1"}],"replies":[{"embeddable":true,"href":"https:\/\/tamaulipasmiregion.com\/index.php?rest_route=%2Fwp%2Fv2%2Fcomments&post=3324"}],"version-history":[{"count":1,"href":"https:\/\/tamaulipasmiregion.com\/index.php?rest_route=\/wp\/v2\/posts\/3324\/revisions"}],"predecessor-version":[{"id":3326,"href":"https:\/\/tamaulipasmiregion.com\/index.php?rest_route=\/wp\/v2\/posts\/3324\/revisions\/3326"}],"wp:featuredmedia":[{"embeddable":true,"href":"https:\/\/tamaulipasmiregion.com\/index.php?rest_route=\/wp\/v2\/media\/3325"}],"wp:attachment":[{"href":"https:\/\/tamaulipasmiregion.com\/index.php?rest_route=%2Fwp%2Fv2%2Fmedia&parent=3324"}],"wp:term":[{"taxonomy":"category","embeddable":true,"href":"https:\/\/tamaulipasmiregion.com\/index.php?rest_route=%2Fwp%2Fv2%2Fcategories&post=3324"},{"taxonomy":"post_tag","embeddable":true,"href":"https:\/\/tamaulipasmiregion.com\/index.php?rest_route=%2Fwp%2Fv2%2Ftags&post=3324"}],"curies":[{"name":"wp","href":"https:\/\/api.w.org\/{rel}","templated":true}]}}