{"id":3329,"date":"2025-04-07T23:15:55","date_gmt":"2025-04-07T23:15:55","guid":{"rendered":"https:\/\/tamaulipasmiregion.com\/?p=3329"},"modified":"2025-04-08T23:16:45","modified_gmt":"2025-04-08T23:16:45","slug":"la-uat-del-futuro-esta-en-marcha-damaso-anaya","status":"publish","type":"post","link":"https:\/\/tamaulipasmiregion.com\/?p=3329","title":{"rendered":"La UAT del futuro est\u00e1 en marcha: D\u00e1maso Anaya"},"content":{"rendered":"<p>\u2022 El gobernador Am\u00e9rico Villarreal reconoci\u00f3 que los avances de la UAT consolidan<br \/>\nsu funci\u00f3n educativa para la transformaci\u00f3n de Tamaulipas.<br \/>\nEl gobernador Am\u00e9rico Villarreal Anaya reconoci\u00f3 los avances de la Universidad Aut\u00f3noma<br \/>\nde Tamaulipas (UAT), en el primer a\u00f1o de la gesti\u00f3n del rector D\u00e1maso Anaya Alvarado,<br \/>\nsubrayando que la casa de estudios se ha consolidado como pilar de la transformaci\u00f3n en<br \/>\nnuestro estado.<br \/>\nAl asistir a la presentaci\u00f3n del primer informe rectoral, el mandatario felicit\u00f3 a la comunidad<br \/>\nuniversitaria por la conmemoraci\u00f3n, en este a\u00f1o, del 75 Aniversario de la creaci\u00f3n de la UAT,<br \/>\ny reiter\u00f3 todo su respaldo para que la instituci\u00f3n siga creciendo, coloc\u00e1ndose entre las<br \/>\nmejores instituciones de educaci\u00f3n superior del pa\u00eds.<br \/>\nEn su mensaje ante cientos de estudiantes y docentes de la UAT, el gobernador elogi\u00f3 el<br \/>\nliderazgo transformador del rector D\u00e1maso Anaya, el cual ha permitido superar cifras<br \/>\nhist\u00f3ricas en matr\u00edcula, mejorar la retenci\u00f3n estudiantil y ejecutar obras clave para dignificar<br \/>\nlos espacios universitarios.<br \/>\nDijo, adem\u00e1s, que la Universidad vive una transformaci\u00f3n acad\u00e9mica mediante el impulso<br \/>\nde nuevas carreras alineadas a las vocaciones regionales y la formaci\u00f3n dual con \u00e9nfasis en<br \/>\nhabilidades socioemocionales, junto a la revitalizaci\u00f3n del esp\u00edritu comunitario, la<br \/>\ninvestigaci\u00f3n con impacto social y una formaci\u00f3n integral con visi\u00f3n humanista.<br \/>\nResalt\u00f3 que estos avances son fruto de un trabajo en equipo, plural y del nuevo liderazgo de<br \/>\nla rector\u00eda, lo cual se refleja en su posicionamiento en el ranking que eval\u00faa y califica a las<br \/>\nmejores instituciones de educaci\u00f3n superior de M\u00e9xico y de Am\u00e9rica Latina.<br \/>\nR-AP-01-34-01 Ver. 2<br \/>\nACT. 19\/07\/2024<br \/>\n\u201cEs un orgullo para m\u00ed poder declararme, nuevamente en este acto de solidaridad hist\u00f3rica,<br \/>\ncomo un aliado incondicional de la renovaci\u00f3n institucional que hoy distingue a la<br \/>\nUniversidad Aut\u00f3noma de Tamaulipas\u201d, expres\u00f3.<br \/>\n\u201cMe da mucho gusto constatar que esta comunidad universitaria tiene plena conciencia de la<br \/>\nimportancia de su presencia y de su vinculaci\u00f3n con la sociedad tamaulipeca, que haya puesto<br \/>\nen marcha su propia ruta de transformaci\u00f3n y que lo est\u00e9 haciendo de manera por dem\u00e1s<br \/>\nexitosa. Aqu\u00ed se respira de nuevo el verdadero esp\u00edritu de una vida universitaria; se nota el<br \/>\ncambio, ha revivido el sentido de comunidad\u00bb, puntualiz\u00f3 el gobernador.<br \/>\nPor su parte, al rendir su primer informe, el rector D\u00e1maso Anaya Alvarado expuso los logros<br \/>\nde la UAT, presentando a los universitarios como protagonistas de los grandes avances de la<br \/>\ncasa de estudios en la ciencia y la investigaci\u00f3n, la docencia y la excelencia acad\u00e9mica, el<br \/>\ndeporte, el arte y la cultura.<br \/>\nDijo que la UAT es una instituci\u00f3n que educa, inspira y transforma, luego de reafirmar su<br \/>\ncompromiso de continuar con la consolidaci\u00f3n de una Universidad humanista, equitativa y<br \/>\nsustentable, que brinde oportunidades para todas y todos sin distinci\u00f3n.<br \/>\nInform\u00f3 la ampliaci\u00f3n de la cobertura con nuevos programas educativos y la creaci\u00f3n de la<br \/>\npreparatoria de Nuevo Laredo, adem\u00e1s de incrementar las becas y dotar de equipos de<br \/>\nc\u00f3mputo a m\u00e1s de cinco mil docentes y estudiantes.<br \/>\n\u201cGracias al respaldo sin precedentes del gobernador de Tamaulipas, hemos puesto en marcha<br \/>\nel proyecto de modernizaci\u00f3n de infraestructura m\u00e1s ambicioso en la historia reciente de la<br \/>\nUAT, con una inversi\u00f3n de m\u00e1s de 444 millones de pesos, permiti\u00e9ndonos transformar<br \/>\nnuestros espacios acad\u00e9micos y de investigaci\u00f3n\u201d, subray\u00f3 el rector.<br \/>\nEn ese contexto, destac\u00f3 tambi\u00e9n que la entrega, en este evento, de 25 veh\u00edculos de transporte<br \/>\nescolar, confirma el compromiso y visi\u00f3n de fortalecer la educaci\u00f3n como eje para el<br \/>\nbienestar de los tamaulipecos.<br \/>\nR-AP-01-34-01 Ver. 2<br \/>\nACT. 19\/07\/2024<br \/>\nDurante su mensaje, el rector D\u00e1maso Anaya reconoci\u00f3 la visi\u00f3n humanista y el esfuerzo<br \/>\nincansable de la presidenta del Patronato DIF Tamaulipas, Mar\u00eda de Villarreal, pues su<br \/>\nliderazgo ha marcado una diferencia tangible en el bienestar de las familias tamaulipecas.<br \/>\nCon la representaci\u00f3n del secretario general ejecutivo de la Asociaci\u00f3n Nacional de<br \/>\nUniversidades e Instituciones de Educaci\u00f3n Superior (ANUIES), Luis Armando Gonz\u00e1lez<br \/>\nPlacencia, asisti\u00f3 la directora ejecutiva de la Red Iberoamericana para el Aseguramiento de<br \/>\nla Calidad en la Educaci\u00f3n Superior (RIACES), Olga Hern\u00e1ndez Lim\u00f3n; de igual manera se<br \/>\ncont\u00f3 con la presencia de la senadora Olga Patricia Sosa Ruiz; de legisladores federales y<br \/>\nlocales, presidentes municipales y representantes de los sectores educativo, empresarial y<br \/>\nsocial de Tamaulipas, entre otras autoridades.<\/p>\n","protected":false},"excerpt":{"rendered":"\u2022 El gobernador Am\u00e9rico Villarreal reconoci\u00f3 que los avances de la UAT consolidan su funci\u00f3n educativa para la transformaci\u00f3n de Tamaulipas. El gobernador Am\u00e9rico Villarreal Anaya reconoci\u00f3 los avances de la Universidad Aut\u00f3noma de Tamaulipas (UAT), en el primer a\u00f1o de la gesti\u00f3n del rector D\u00e1maso Anaya Alvarado, subrayando que la casa de estudios se","protected":false},"author":1,"featured_media":3330,"comment_status":"open","ping_status":"open","sticky":false,"template":"","format":"standard","meta":{"_monsterinsights_skip_tracking":false,"_monsterinsights_sitenote_active":false,"_monsterinsights_sitenote_note":"","_monsterinsights_sitenote_category":0,"footnotes":""},"categories":[3],"tags":[],"class_list":["post-3329","post","type-post","status-publish","format-standard","has-post-thumbnail","hentry","category-noticias"],"aioseo_notices":[],"amp_enabled":true,"_links":{"self":[{"href":"https:\/\/tamaulipasmiregion.com\/index.php?rest_route=\/wp\/v2\/posts\/3329","targetHints":{"allow":["GET"]}}],"collection":[{"href":"https:\/\/tamaulipasmiregion.com\/index.php?rest_route=\/wp\/v2\/posts"}],"about":[{"href":"https:\/\/tamaulipasmiregion.com\/index.php?rest_route=\/wp\/v2\/types\/post"}],"author":[{"embeddable":true,"href":"https:\/\/tamaulipasmiregion.com\/index.php?rest_route=\/wp\/v2\/users\/1"}],"replies":[{"embeddable":true,"href":"https:\/\/tamaulipasmiregion.com\/index.php?rest_route=%2Fwp%2Fv2%2Fcomments&post=3329"}],"version-history":[{"count":1,"href":"https:\/\/tamaulipasmiregion.com\/index.php?rest_route=\/wp\/v2\/posts\/3329\/revisions"}],"predecessor-version":[{"id":3331,"href":"https:\/\/tamaulipasmiregion.com\/index.php?rest_route=\/wp\/v2\/posts\/3329\/revisions\/3331"}],"wp:featuredmedia":[{"embeddable":true,"href":"https:\/\/tamaulipasmiregion.com\/index.php?rest_route=\/wp\/v2\/media\/3330"}],"wp:attachment":[{"href":"https:\/\/tamaulipasmiregion.com\/index.php?rest_route=%2Fwp%2Fv2%2Fmedia&parent=3329"}],"wp:term":[{"taxonomy":"category","embeddable":true,"href":"https:\/\/tamaulipasmiregion.com\/index.php?rest_route=%2Fwp%2Fv2%2Fcategories&post=3329"},{"taxonomy":"post_tag","embeddable":true,"href":"https:\/\/tamaulipasmiregion.com\/index.php?rest_route=%2Fwp%2Fv2%2Ftags&post=3329"}],"curies":[{"name":"wp","href":"https:\/\/api.w.org\/{rel}","templated":true}]}}