{"id":3332,"date":"2025-04-08T23:19:25","date_gmt":"2025-04-08T23:19:25","guid":{"rendered":"https:\/\/tamaulipasmiregion.com\/?p=3332"},"modified":"2025-04-08T23:19:26","modified_gmt":"2025-04-08T23:19:26","slug":"gobernador-y-rector-presiden-lanzamiento-de-la-fundacion-uat","status":"publish","type":"post","link":"https:\/\/tamaulipasmiregion.com\/?p=3332","title":{"rendered":"Gobernador y rector presiden lanzamiento de la Fundaci\u00f3n UAT"},"content":{"rendered":"<p>Con la presencia del gobernador Am\u00e9rico Villarreal Anaya, como testigo de honor, el rector de la<br \/>\nUniversidad Aut\u00f3noma de Tamaulipas, D\u00e1maso Anaya Alvarado, present\u00f3 la Fundaci\u00f3n UAT, un<br \/>\norganismo dise\u00f1ado para impulsar proyectos educativos, cient\u00edficos y sociales mediante alianzas<br \/>\ncon el sector empresarial.<br \/>\nEn el evento, que marca un hito en los 75 a\u00f1os de la m\u00e1xima casa de estudios de Tamaulipas, el<br \/>\nrector D\u00e1maso Anaya entreg\u00f3 el cargo de presidente de la Fundaci\u00f3n UAT a Eduardo Garza Robles,<br \/>\nexalumno y reconocido empresario, quien expres\u00f3 el compromiso de ser un puente entre la UAT y<br \/>\nla sociedad para transformar vidas.<br \/>\nDurante la ceremonia estuvieron presentes legisladores locales, autoridades estatales y<br \/>\nmunicipales, as\u00ed como directivos de las dependencias acad\u00e9micas de la UAT. En este acto, el rector<br \/>\ndestac\u00f3 la importancia de la unidad entre gobierno, sector privado y academia para impulsar<br \/>\nproyectos educativos, culturales y sociales.<br \/>\nAdem\u00e1s, puso en relieve que la alianza con el gobernador Am\u00e9rico Villarreal ha permitido avanzar y<br \/>\nconcretar m\u00e1s proyectos en beneficio de los universitarios, como es la Fundaci\u00f3n UAT, cuya creaci\u00f3n<br \/>\nera una deuda hist\u00f3rica que hoy se ve cumplida.<br \/>\nPor su parte, el gobernador felicit\u00f3 la elecci\u00f3n del empresario Eduardo Garza Robles como primer<br \/>\npresidente de la Fundaci\u00f3n, cuyo organismo consider\u00f3 indispensable para impulsar el crecimiento<br \/>\nadministrativo y acad\u00e9mico de la UAT.<br \/>\nVillarreal Anaya subray\u00f3 el potencial de la Fundaci\u00f3n para captar fondos nacionales e<br \/>\ninternacionales, especialmente de empresas energ\u00e9ticas y log\u00edsticas que operan en Tamaulipas, e<br \/>\ninvit\u00f3 a aprovechar la reconfiguraci\u00f3n global y las inversiones en el estado para generar alianzas<br \/>\nentre gobierno, universidad y sector privado.<br \/>\nR-AP-01-34-01 Ver. 2<br \/>\nACT. 19\/07\/2024<br \/>\nLa Fundaci\u00f3n UAT fortalecer\u00e1 la autonom\u00eda universitaria mediante aportaciones econ\u00f3micas,<br \/>\nsociales y acad\u00e9micas. Iniciar\u00e1 operaciones con proyectos prioritarios en educaci\u00f3n b\u00e1sica y<br \/>\nsuperior, adem\u00e1s de colaborar con iniciativas estatales. Tambi\u00e9n canalizar\u00e1 recursos econ\u00f3micos<br \/>\ncon el prop\u00f3sito de otorgar becas y mejorar la infraestructura educativa, as\u00ed como impulsar la<br \/>\ninvestigaci\u00f3n cient\u00edfica, preservar el patrimonio cultural y promover las artes, incluyendo las lenguas<br \/>\nind\u00edgenas, la equidad de g\u00e9nero, los derechos humanos y la seguridad ciudadana.<\/p>\n","protected":false},"excerpt":{"rendered":"Con la presencia del gobernador Am\u00e9rico Villarreal Anaya, como testigo de honor, el rector de la Universidad Aut\u00f3noma de Tamaulipas, D\u00e1maso Anaya Alvarado, present\u00f3 la Fundaci\u00f3n UAT, un organismo dise\u00f1ado para impulsar proyectos educativos, cient\u00edficos y sociales mediante alianzas con el sector empresarial. En el evento, que marca un hito en los 75 a\u00f1os de","protected":false},"author":1,"featured_media":3333,"comment_status":"open","ping_status":"open","sticky":false,"template":"","format":"standard","meta":{"_monsterinsights_skip_tracking":false,"_monsterinsights_sitenote_active":false,"_monsterinsights_sitenote_note":"","_monsterinsights_sitenote_category":0,"footnotes":""},"categories":[3],"tags":[],"class_list":["post-3332","post","type-post","status-publish","format-standard","has-post-thumbnail","hentry","category-noticias"],"aioseo_notices":[],"amp_enabled":true,"_links":{"self":[{"href":"https:\/\/tamaulipasmiregion.com\/index.php?rest_route=\/wp\/v2\/posts\/3332","targetHints":{"allow":["GET"]}}],"collection":[{"href":"https:\/\/tamaulipasmiregion.com\/index.php?rest_route=\/wp\/v2\/posts"}],"about":[{"href":"https:\/\/tamaulipasmiregion.com\/index.php?rest_route=\/wp\/v2\/types\/post"}],"author":[{"embeddable":true,"href":"https:\/\/tamaulipasmiregion.com\/index.php?rest_route=\/wp\/v2\/users\/1"}],"replies":[{"embeddable":true,"href":"https:\/\/tamaulipasmiregion.com\/index.php?rest_route=%2Fwp%2Fv2%2Fcomments&post=3332"}],"version-history":[{"count":1,"href":"https:\/\/tamaulipasmiregion.com\/index.php?rest_route=\/wp\/v2\/posts\/3332\/revisions"}],"predecessor-version":[{"id":3334,"href":"https:\/\/tamaulipasmiregion.com\/index.php?rest_route=\/wp\/v2\/posts\/3332\/revisions\/3334"}],"wp:featuredmedia":[{"embeddable":true,"href":"https:\/\/tamaulipasmiregion.com\/index.php?rest_route=\/wp\/v2\/media\/3333"}],"wp:attachment":[{"href":"https:\/\/tamaulipasmiregion.com\/index.php?rest_route=%2Fwp%2Fv2%2Fmedia&parent=3332"}],"wp:term":[{"taxonomy":"category","embeddable":true,"href":"https:\/\/tamaulipasmiregion.com\/index.php?rest_route=%2Fwp%2Fv2%2Fcategories&post=3332"},{"taxonomy":"post_tag","embeddable":true,"href":"https:\/\/tamaulipasmiregion.com\/index.php?rest_route=%2Fwp%2Fv2%2Ftags&post=3332"}],"curies":[{"name":"wp","href":"https:\/\/api.w.org\/{rel}","templated":true}]}}