{"id":3342,"date":"2025-04-11T21:02:17","date_gmt":"2025-04-11T21:02:17","guid":{"rendered":"https:\/\/tamaulipasmiregion.com\/?p=3342"},"modified":"2025-04-21T21:03:39","modified_gmt":"2025-04-21T21:03:39","slug":"la-uat-inicia-periodo-vacacional-de-primavera-2025","status":"publish","type":"post","link":"https:\/\/tamaulipasmiregion.com\/?p=3342","title":{"rendered":"La UAT inicia periodo vacacional de Primavera 2025"},"content":{"rendered":"<p>Conforme al Calendario Escolar Administrativo 2025 y en apego a los lineamientos institucionales,<br \/>\nla Universidad Aut\u00f3noma de Tamaulipas (UAT) inicia el periodo vacacional de primavera, el cual se<br \/>\ndesarrollar\u00e1 del 14 al 25 de abril de 2025.<br \/>\nDurante este per\u00edodo, estar\u00e1n en receso las actividades acad\u00e9micas y administrativas para<br \/>\nreanudarse el pr\u00f3ximo lunes 28 de abril, ofreciendo a estudiantes, docentes y personal<br \/>\nadministrativo dos semanas de descanso en el marco de la Semana Santa y el cierre del primer tramo<br \/>\ndel ciclo escolar 2025.<br \/>\nEste receso se ha establecido en cumplimiento del Contrato Colectivo de Trabajo en acuerdo con<br \/>\nlos sindicatos universitarios del personal acad\u00e9mico y administrativo.<br \/>\nAsimismo, la instituci\u00f3n mantendr\u00e1 operativos en \u00e1reas prioritarias, tales como el pre-registro en<br \/>\nl\u00ednea para aspirantes a ingresar a licenciatura en el per\u00edodo escolar de Oto\u00f1o 2025; y los preparativos<br \/>\nlog\u00edsticos y t\u00e9cnicos para la siguiente convocatoria del examen de admisi\u00f3n, EXANI-II, programada<br \/>\npara el 20 de mayo.<br \/>\nEstos procesos garantizan la eficiencia y transparencia en la gesti\u00f3n administrativa, incluso durante<br \/>\nla suspensi\u00f3n de labores.<br \/>\nCumpliendo con el calendario, se realizar\u00e1n las evaluaciones finales ordinarias, del 12 al 16 de mayo;<br \/>\nla conclusi\u00f3n del periodo de clases, el 16 de mayo; las evaluaciones extraordinarias, del 19 al 23 del<br \/>\nmismo mes; y las inscripciones para el periodo de clases de Verano 2025, los d\u00edas del 29 de mayo al<br \/>\n6 de junio.<br \/>\nLa UAT reitera su compromiso con la excelencia educativa y el cumplimiento de los plazos<br \/>\nestablecidos en su calendario oficial.<\/p>\n","protected":false},"excerpt":{"rendered":"Conforme al Calendario Escolar Administrativo 2025 y en apego a los lineamientos institucionales, la Universidad Aut\u00f3noma de Tamaulipas (UAT) inicia el periodo vacacional de primavera, el cual se desarrollar\u00e1 del 14 al 25 de abril de 2025. Durante este per\u00edodo, estar\u00e1n en receso las actividades acad\u00e9micas y administrativas para reanudarse el pr\u00f3ximo lunes 28 de","protected":false},"author":1,"featured_media":3343,"comment_status":"open","ping_status":"open","sticky":false,"template":"","format":"standard","meta":{"_monsterinsights_skip_tracking":false,"_monsterinsights_sitenote_active":false,"_monsterinsights_sitenote_note":"","_monsterinsights_sitenote_category":0,"footnotes":""},"categories":[3],"tags":[],"class_list":["post-3342","post","type-post","status-publish","format-standard","has-post-thumbnail","hentry","category-noticias"],"aioseo_notices":[],"amp_enabled":true,"_links":{"self":[{"href":"https:\/\/tamaulipasmiregion.com\/index.php?rest_route=\/wp\/v2\/posts\/3342","targetHints":{"allow":["GET"]}}],"collection":[{"href":"https:\/\/tamaulipasmiregion.com\/index.php?rest_route=\/wp\/v2\/posts"}],"about":[{"href":"https:\/\/tamaulipasmiregion.com\/index.php?rest_route=\/wp\/v2\/types\/post"}],"author":[{"embeddable":true,"href":"https:\/\/tamaulipasmiregion.com\/index.php?rest_route=\/wp\/v2\/users\/1"}],"replies":[{"embeddable":true,"href":"https:\/\/tamaulipasmiregion.com\/index.php?rest_route=%2Fwp%2Fv2%2Fcomments&post=3342"}],"version-history":[{"count":1,"href":"https:\/\/tamaulipasmiregion.com\/index.php?rest_route=\/wp\/v2\/posts\/3342\/revisions"}],"predecessor-version":[{"id":3344,"href":"https:\/\/tamaulipasmiregion.com\/index.php?rest_route=\/wp\/v2\/posts\/3342\/revisions\/3344"}],"wp:featuredmedia":[{"embeddable":true,"href":"https:\/\/tamaulipasmiregion.com\/index.php?rest_route=\/wp\/v2\/media\/3343"}],"wp:attachment":[{"href":"https:\/\/tamaulipasmiregion.com\/index.php?rest_route=%2Fwp%2Fv2%2Fmedia&parent=3342"}],"wp:term":[{"taxonomy":"category","embeddable":true,"href":"https:\/\/tamaulipasmiregion.com\/index.php?rest_route=%2Fwp%2Fv2%2Fcategories&post=3342"},{"taxonomy":"post_tag","embeddable":true,"href":"https:\/\/tamaulipasmiregion.com\/index.php?rest_route=%2Fwp%2Fv2%2Ftags&post=3342"}],"curies":[{"name":"wp","href":"https:\/\/api.w.org\/{rel}","templated":true}]}}