{"id":3373,"date":"2025-04-24T05:39:46","date_gmt":"2025-04-24T05:39:46","guid":{"rendered":"https:\/\/tamaulipasmiregion.com\/?p=3373"},"modified":"2025-05-02T05:40:39","modified_gmt":"2025-05-02T05:40:39","slug":"prepara-la-uat-plataforma-para-impulsar-la-economia-social-en-tamaulipas","status":"publish","type":"post","link":"https:\/\/tamaulipasmiregion.com\/?p=3373","title":{"rendered":"Prepara la UAT plataforma para impulsar la econom\u00eda social en Tamaulipas"},"content":{"rendered":"<p>La Universidad Aut\u00f3noma de Tamaulipas (UAT) fortalece su compromiso con el desarrollo<br \/>\necon\u00f3mico sostenible luego de la participaci\u00f3n que tuvieron sus estudiantes Gerardo V\u00e1zquez<br \/>\nGuevara, Ruth Dosal y Lidia Torres en el II Encuentro Iberoamericano de J\u00f3venes L\u00edderes de la<br \/>\nEconom\u00eda Social y Solidaria, realizado en Honduras.<br \/>\nTras intercambiar experiencias con delegados de 17 pa\u00edses, los j\u00f3venes de la UAT avanzan en la<br \/>\ncreaci\u00f3n de una plataforma de apoyo a emprendedores, en coordinaci\u00f3n con la Secretar\u00eda de<br \/>\nEconom\u00eda de Tamaulipas, para formalizar proyectos bajo principios de inclusi\u00f3n y sostenibilidad.<br \/>\nEl encuentro en Honduras permiti\u00f3 a los representantes de la UAT profundizar en temas clave como<br \/>\ninclusi\u00f3n financiera, emprendimientos verdes, educaci\u00f3n cooperativa e incidencia pol\u00edtica, adem\u00e1s<br \/>\nde establecer alianzas con l\u00edderes de Latinoam\u00e9rica y Espa\u00f1a.<br \/>\nEstas conexiones internacionales, sumadas a las metodolog\u00edas aprendidas de pa\u00edses como Chile,<br \/>\nCosta Rica y Ecuador, ser\u00e1n integradas en la plataforma que actualmente dise\u00f1an con el objetivo de<br \/>\nguiar a emprendedores locales en la formalizaci\u00f3n de sus proyectos, desde la estructuraci\u00f3n de<br \/>\nideas hasta su ejecuci\u00f3n, asegurando que tengan acceso a herramientas t\u00e9cnicas y redes globales.<br \/>\nLa iniciativa, que surge como resultado directo del encuentro, se enfocar\u00e1 en proyectos sociales,<br \/>\nambientales y digitales, priorizando modelos econ\u00f3micos que generen impacto comunitario.<br \/>\nEsta participaci\u00f3n se enmarca en el convenio de colaboraci\u00f3n firmado entre la UAT y la Escuela de<br \/>\nEconom\u00eda Social de Andaluc\u00eda, Espa\u00f1a, el cual busca fortalecer la formaci\u00f3n acad\u00e9mica, la<br \/>\ninvestigaci\u00f3n aplicada y el emprendimiento cooperativo.<br \/>\nR-AP-01-34-01 Ver. 2<br \/>\nACT. 19\/07\/2024<br \/>\nCon estas acciones, la UAT reafirma su rol como instituci\u00f3n l\u00edder en la promoci\u00f3n de la econom\u00eda<br \/>\nsocial, no solo en el \u00e1mbito local, sino en el escenario iberoamericano, consolidando su contribuci\u00f3n<br \/>\na un futuro m\u00e1s justo, sostenible e inclusivo.<\/p>\n","protected":false},"excerpt":{"rendered":"La Universidad Aut\u00f3noma de Tamaulipas (UAT) fortalece su compromiso con el desarrollo econ\u00f3mico sostenible luego de la participaci\u00f3n que tuvieron sus estudiantes Gerardo V\u00e1zquez Guevara, Ruth Dosal y Lidia Torres en el II Encuentro Iberoamericano de J\u00f3venes L\u00edderes de la Econom\u00eda Social y Solidaria, realizado en Honduras. Tras intercambiar experiencias con delegados de 17 pa\u00edses,","protected":false},"author":1,"featured_media":3375,"comment_status":"open","ping_status":"open","sticky":false,"template":"","format":"standard","meta":{"_monsterinsights_skip_tracking":false,"_monsterinsights_sitenote_active":false,"_monsterinsights_sitenote_note":"","_monsterinsights_sitenote_category":0,"footnotes":""},"categories":[3],"tags":[],"class_list":["post-3373","post","type-post","status-publish","format-standard","has-post-thumbnail","hentry","category-noticias"],"aioseo_notices":[],"amp_enabled":true,"_links":{"self":[{"href":"https:\/\/tamaulipasmiregion.com\/index.php?rest_route=\/wp\/v2\/posts\/3373","targetHints":{"allow":["GET"]}}],"collection":[{"href":"https:\/\/tamaulipasmiregion.com\/index.php?rest_route=\/wp\/v2\/posts"}],"about":[{"href":"https:\/\/tamaulipasmiregion.com\/index.php?rest_route=\/wp\/v2\/types\/post"}],"author":[{"embeddable":true,"href":"https:\/\/tamaulipasmiregion.com\/index.php?rest_route=\/wp\/v2\/users\/1"}],"replies":[{"embeddable":true,"href":"https:\/\/tamaulipasmiregion.com\/index.php?rest_route=%2Fwp%2Fv2%2Fcomments&post=3373"}],"version-history":[{"count":1,"href":"https:\/\/tamaulipasmiregion.com\/index.php?rest_route=\/wp\/v2\/posts\/3373\/revisions"}],"predecessor-version":[{"id":3376,"href":"https:\/\/tamaulipasmiregion.com\/index.php?rest_route=\/wp\/v2\/posts\/3373\/revisions\/3376"}],"wp:featuredmedia":[{"embeddable":true,"href":"https:\/\/tamaulipasmiregion.com\/index.php?rest_route=\/wp\/v2\/media\/3375"}],"wp:attachment":[{"href":"https:\/\/tamaulipasmiregion.com\/index.php?rest_route=%2Fwp%2Fv2%2Fmedia&parent=3373"}],"wp:term":[{"taxonomy":"category","embeddable":true,"href":"https:\/\/tamaulipasmiregion.com\/index.php?rest_route=%2Fwp%2Fv2%2Fcategories&post=3373"},{"taxonomy":"post_tag","embeddable":true,"href":"https:\/\/tamaulipasmiregion.com\/index.php?rest_route=%2Fwp%2Fv2%2Ftags&post=3373"}],"curies":[{"name":"wp","href":"https:\/\/api.w.org\/{rel}","templated":true}]}}