{"id":3377,"date":"2025-04-25T05:42:31","date_gmt":"2025-04-25T05:42:31","guid":{"rendered":"https:\/\/tamaulipasmiregion.com\/?p=3377"},"modified":"2025-05-02T05:43:23","modified_gmt":"2025-05-02T05:43:23","slug":"expone-uat-investigacion-sobre-tortugas-marinas-en-foro-internacional","status":"publish","type":"post","link":"https:\/\/tamaulipasmiregion.com\/?p=3377","title":{"rendered":"Expone UAT investigaci\u00f3n sobre tortugas marinas en foro internacional"},"content":{"rendered":"<p>La Dra. F\u00e1tima Yedith Camacho S\u00e1nchez, profesora e investigadora de la Unidad Acad\u00e9mica<br \/>\nMultidisciplinaria Reynosa-Aztl\u00e1n de la Universidad Aut\u00f3noma de Tamaulipas (UAT), represent\u00f3 a<br \/>\nM\u00e9xico en el Simposio Internacional Sociedad de Tortugas Marinas, uno de los foros m\u00e1s relevantes<br \/>\na nivel global para la conservaci\u00f3n marina, celebrado en Accra, Ghana.<br \/>\nDurante el evento, la Dra. Camacho present\u00f3 un estudio pionero sobre diversidad gen\u00e9tica en<br \/>\ntortugas marinas, en el que la investigadora y su equipo, integrado por especialistas de la UAT, del<br \/>\nInstituto Polit\u00e9cnico Nacional (IPN), el Instituto Tecnol\u00f3gico de Sonora y el Biobanco de Tortugas<br \/>\nMarinas de Latinoam\u00e9rica, analizaron 96 secuencias de ADN mitocondrial de especies como la<br \/>\ntortuga verde (C. mydas), la\u00fad (D. coriacea) y carey (E. imbricata), entre otras.<br \/>\nUtilizando herramientas bioinform\u00e1ticas identificaron un modelo evolutivo que es clave para<br \/>\nentender la variabilidad gen\u00e9tica y su relaci\u00f3n con la resiliencia de estas especies ante amenazas<br \/>\ncomo el cambio clim\u00e1tico.<br \/>\nCamacho S\u00e1nchez destac\u00f3 que este trabajo no solo aclara las relaciones evolutivas entre las tortugas<br \/>\nmarinas, sino que refuerza la necesidad de priorizar la diversidad gen\u00e9tica en las pol\u00edticas de<br \/>\nconservaci\u00f3n.<br \/>\nLos resultados revelaron distancias gen\u00e9ticas cr\u00edticas en especies vulnerables, subrayando la<br \/>\nurgencia de proteger sus h\u00e1bitats y corredores migratorios.<br \/>\nEl estudio concluye que ampliar las muestras en zonas de anidaci\u00f3n ser\u00e1 esencial para futuras<br \/>\ninvestigaciones. Este proyecto refleja el compromiso de la UAT con la ciencia aplicada a problemas<br \/>\nglobales, impulsando colaboraciones que contribuyan a la preservaci\u00f3n de la biodiversidad.<br \/>\nAdem\u00e1s de su presentaci\u00f3n, la docente particip\u00f3 en la Reuni\u00f3n de Especialistas en Tortugas Marinas<br \/>\nde Latinoam\u00e9rica para coordinar esfuerzos regionales, y en un taller de actualizaci\u00f3n de la<br \/>\ninvestigaci\u00f3n global para estudiar a los machos de estas especies.<br \/>\nR-AP-01-34-01 Ver. 2<br \/>\nACT. 19\/07\/2024<\/p>\n","protected":false},"excerpt":{"rendered":"La Dra. F\u00e1tima Yedith Camacho S\u00e1nchez, profesora e investigadora de la Unidad Acad\u00e9mica Multidisciplinaria Reynosa-Aztl\u00e1n de la Universidad Aut\u00f3noma de Tamaulipas (UAT), represent\u00f3 a M\u00e9xico en el Simposio Internacional Sociedad de Tortugas Marinas, uno de los foros m\u00e1s relevantes a nivel global para la conservaci\u00f3n marina, celebrado en Accra, Ghana. Durante el evento, la Dra.","protected":false},"author":1,"featured_media":3379,"comment_status":"open","ping_status":"open","sticky":false,"template":"","format":"standard","meta":{"_monsterinsights_skip_tracking":false,"_monsterinsights_sitenote_active":false,"_monsterinsights_sitenote_note":"","_monsterinsights_sitenote_category":0,"footnotes":""},"categories":[3],"tags":[],"class_list":["post-3377","post","type-post","status-publish","format-standard","has-post-thumbnail","hentry","category-noticias"],"aioseo_notices":[],"amp_enabled":true,"_links":{"self":[{"href":"https:\/\/tamaulipasmiregion.com\/index.php?rest_route=\/wp\/v2\/posts\/3377","targetHints":{"allow":["GET"]}}],"collection":[{"href":"https:\/\/tamaulipasmiregion.com\/index.php?rest_route=\/wp\/v2\/posts"}],"about":[{"href":"https:\/\/tamaulipasmiregion.com\/index.php?rest_route=\/wp\/v2\/types\/post"}],"author":[{"embeddable":true,"href":"https:\/\/tamaulipasmiregion.com\/index.php?rest_route=\/wp\/v2\/users\/1"}],"replies":[{"embeddable":true,"href":"https:\/\/tamaulipasmiregion.com\/index.php?rest_route=%2Fwp%2Fv2%2Fcomments&post=3377"}],"version-history":[{"count":1,"href":"https:\/\/tamaulipasmiregion.com\/index.php?rest_route=\/wp\/v2\/posts\/3377\/revisions"}],"predecessor-version":[{"id":3380,"href":"https:\/\/tamaulipasmiregion.com\/index.php?rest_route=\/wp\/v2\/posts\/3377\/revisions\/3380"}],"wp:featuredmedia":[{"embeddable":true,"href":"https:\/\/tamaulipasmiregion.com\/index.php?rest_route=\/wp\/v2\/media\/3379"}],"wp:attachment":[{"href":"https:\/\/tamaulipasmiregion.com\/index.php?rest_route=%2Fwp%2Fv2%2Fmedia&parent=3377"}],"wp:term":[{"taxonomy":"category","embeddable":true,"href":"https:\/\/tamaulipasmiregion.com\/index.php?rest_route=%2Fwp%2Fv2%2Fcategories&post=3377"},{"taxonomy":"post_tag","embeddable":true,"href":"https:\/\/tamaulipasmiregion.com\/index.php?rest_route=%2Fwp%2Fv2%2Ftags&post=3377"}],"curies":[{"name":"wp","href":"https:\/\/api.w.org\/{rel}","templated":true}]}}