{"id":3386,"date":"2025-04-27T21:51:08","date_gmt":"2025-04-27T21:51:08","guid":{"rendered":"https:\/\/tamaulipasmiregion.com\/?p=3386"},"modified":"2025-05-05T21:52:01","modified_gmt":"2025-05-05T21:52:01","slug":"reanuda-la-uat-actividades-academicas-y-administrativas","status":"publish","type":"post","link":"https:\/\/tamaulipasmiregion.com\/?p=3386","title":{"rendered":"Reanuda la UAT actividades acad\u00e9micas y administrativas"},"content":{"rendered":"<p>Conforme al Calendario Escolar Administrativo 2025, la Universidad Aut\u00f3noma de<br \/>\nTamaulipas (UAT) reanudar\u00e1 oficialmente este lunes 28 de abril las actividades acad\u00e9micas<br \/>\ny administrativas en todas sus dependencias ubicadas en las regiones norte, centro y sur del<br \/>\nestado, tras concluir el periodo vacacional de primavera, efectuado del 14 al 25 de este mismo<br \/>\nmes.<br \/>\nLa reactivaci\u00f3n marca el inicio de la fase final del periodo 2025-1, caracterizada por procesos<br \/>\nclave como evaluaciones institucionales, gesti\u00f3n de egresos, tr\u00e1mites de admisi\u00f3n y<br \/>\npreparativos para los ciclos venideros.<br \/>\nDurante esta fase se llevar\u00e1n a cabo las evaluaciones finales ordinarias, del 12 al 16 de mayo;<br \/>\nla conclusi\u00f3n de clases el 16 de mayo; y las evaluaciones extraordinarias, del 19 al 23 de<br \/>\nmayo.<br \/>\nParalelamente, se gestionar\u00e1n los procesos de admisi\u00f3n para el ciclo de oto\u00f1o 2025,<br \/>\ndestacando el cierre de registro de aspirantes el 29 de abril, y la tercera aplicaci\u00f3n del Examen<br \/>\nde Admisi\u00f3n EXANI-II del CENEVAL el 20 de mayo, cuyos resultados se publicar\u00e1n el 6<br \/>\nde junio.<br \/>\nCabe recordar que las primeras aplicaciones del EXANI-II se realizaron los d\u00edas 19 de marzo<br \/>\ny 10 de abril, en cumplimiento con la planeaci\u00f3n institucional para garantizar transparencia<br \/>\nen los procesos de ingreso.<br \/>\nEn cuanto al periodo de clases de verano 2025, las reinscripciones se realizar\u00e1n del 29 de<br \/>\nmayo al 6 de junio, con inicio de clases el 2 de junio.<br \/>\nLa UAT enfatiza la importancia de consultar los canales oficiales de la Universidad y sus<br \/>\nrespectivas unidades acad\u00e9micas, facultades y escuelas para acceder a informaci\u00f3n<br \/>\nactualizada sobre horarios, requisitos de tr\u00e1mites y fechas importantes.<br \/>\nR-AP-01-34-01 Ver. 2<br \/>\nACT. 19\/07\/2024<br \/>\nAsimismo, reitera su compromiso con la excelencia educativa, la gesti\u00f3n eficiente y el<br \/>\nbienestar de su comunidad, invitando a estudiantes, docentes y personal administrativo a<br \/>\nintegrarse con responsabilidad y colaboraci\u00f3n a esta etapa clave del a\u00f1o acad\u00e9mico.<\/p>\n","protected":false},"excerpt":{"rendered":"Conforme al Calendario Escolar Administrativo 2025, la Universidad Aut\u00f3noma de Tamaulipas (UAT) reanudar\u00e1 oficialmente este lunes 28 de abril las actividades acad\u00e9micas y administrativas en todas sus dependencias ubicadas en las regiones norte, centro y sur del estado, tras concluir el periodo vacacional de primavera, efectuado del 14 al 25 de este mismo mes. La","protected":false},"author":1,"featured_media":3387,"comment_status":"open","ping_status":"open","sticky":false,"template":"","format":"standard","meta":{"_monsterinsights_skip_tracking":false,"_monsterinsights_sitenote_active":false,"_monsterinsights_sitenote_note":"","_monsterinsights_sitenote_category":0,"footnotes":""},"categories":[3],"tags":[],"class_list":["post-3386","post","type-post","status-publish","format-standard","has-post-thumbnail","hentry","category-noticias"],"aioseo_notices":[],"amp_enabled":true,"_links":{"self":[{"href":"https:\/\/tamaulipasmiregion.com\/index.php?rest_route=\/wp\/v2\/posts\/3386","targetHints":{"allow":["GET"]}}],"collection":[{"href":"https:\/\/tamaulipasmiregion.com\/index.php?rest_route=\/wp\/v2\/posts"}],"about":[{"href":"https:\/\/tamaulipasmiregion.com\/index.php?rest_route=\/wp\/v2\/types\/post"}],"author":[{"embeddable":true,"href":"https:\/\/tamaulipasmiregion.com\/index.php?rest_route=\/wp\/v2\/users\/1"}],"replies":[{"embeddable":true,"href":"https:\/\/tamaulipasmiregion.com\/index.php?rest_route=%2Fwp%2Fv2%2Fcomments&post=3386"}],"version-history":[{"count":1,"href":"https:\/\/tamaulipasmiregion.com\/index.php?rest_route=\/wp\/v2\/posts\/3386\/revisions"}],"predecessor-version":[{"id":3388,"href":"https:\/\/tamaulipasmiregion.com\/index.php?rest_route=\/wp\/v2\/posts\/3386\/revisions\/3388"}],"wp:featuredmedia":[{"embeddable":true,"href":"https:\/\/tamaulipasmiregion.com\/index.php?rest_route=\/wp\/v2\/media\/3387"}],"wp:attachment":[{"href":"https:\/\/tamaulipasmiregion.com\/index.php?rest_route=%2Fwp%2Fv2%2Fmedia&parent=3386"}],"wp:term":[{"taxonomy":"category","embeddable":true,"href":"https:\/\/tamaulipasmiregion.com\/index.php?rest_route=%2Fwp%2Fv2%2Fcategories&post=3386"},{"taxonomy":"post_tag","embeddable":true,"href":"https:\/\/tamaulipasmiregion.com\/index.php?rest_route=%2Fwp%2Fv2%2Ftags&post=3386"}],"curies":[{"name":"wp","href":"https:\/\/api.w.org\/{rel}","templated":true}]}}