{"id":3392,"date":"2025-04-29T21:57:24","date_gmt":"2025-04-29T21:57:24","guid":{"rendered":"https:\/\/tamaulipasmiregion.com\/?p=3392"},"modified":"2025-05-05T21:58:23","modified_gmt":"2025-05-05T21:58:23","slug":"entrega-el-rector-damaso-anaya-reconocimientos-a-jubilados-del-sutuat","status":"publish","type":"post","link":"https:\/\/tamaulipasmiregion.com\/?p=3392","title":{"rendered":"Entrega el rector D\u00e1maso Anaya reconocimientos a jubilados del SUTUAT"},"content":{"rendered":"<p>El rector D\u00e1maso Anaya Alvarado presidi\u00f3 la ceremonia de entrega de reconocimientos al personal<br \/>\ndel Sindicato \u00danico de Trabajadores de la Universidad Aut\u00f3noma de Tamaulipas (SUTUAT), el cual<br \/>\nreci\u00e9n inicia la etapa de jubilaci\u00f3n al concluir su ciclo laboral en la m\u00e1xima casa de estudios del<br \/>\nestado.<br \/>\nEn un emotivo evento realizado en el Teatro Universitario, y acompa\u00f1ado por la presidenta<br \/>\nhonoraria de Familia UAT, Isolda Rend\u00f3n de Anaya, el rector resalt\u00f3 el hecho de que, por primera<br \/>\nvez, la Universidad abre este espacio solemne y profundamente humano para reconocer el servicio<br \/>\ny trayectoria de 31 trabajadores jubilados.<br \/>\nSubray\u00f3 que su dedicaci\u00f3n y labor cotidiana en las diferentes funciones que desempe\u00f1aron, les<br \/>\npermiti\u00f3 ser parte fundamental en el crecimiento de la UAT, a la vez que con su esfuerzo han dejado<br \/>\nen alto el nombre de la instituci\u00f3n.<br \/>\nD\u00e1maso Anaya expres\u00f3 que no solo se les da un reconocimiento material, sino que se les entrega el<br \/>\nrespeto de la Universidad m\u00e1s grande de Tamaulipas, por ser luz y gu\u00eda y por ser parte de la historia<br \/>\nque se seguir\u00e1 escribiendo con orgullo.<br \/>\nPor su parte, el secretario general estatal del SUTUAT, Jos\u00e9 Luis Casta\u00f1\u00f3n Ramos, agradeci\u00f3 al rector<br \/>\npor este homenaje al personal jubilado, as\u00ed como por el apoyo de su administraci\u00f3n para seguir<br \/>\npromoviendo el bienestar de los trabajadores universitarios y por reconocer el quehacer de todos<br \/>\nlos empleados que laboran d\u00eda a d\u00eda por el bien de la UAT.<br \/>\nA nombre de los jubilados, Ana Mar\u00eda Mart\u00ednez Garza coment\u00f3 que se trata de un d\u00eda muy especial,<br \/>\nya que es un parteaguas en sus vidas; igualmente agradeci\u00f3 a la Universidad por permitirles hacer<br \/>\nuna importante carrera laboral y promover su crecimiento personal a lo largo de los a\u00f1os.<br \/>\nR-AP-01-34-01 Ver. 2<br \/>\nACT. 19\/07\/2024<br \/>\nSe destac\u00f3 que la Universidad cuenta con 504 trabajadores jubilados del SUTUAT, a los cuales se<br \/>\nunen los 31 empleados reconocidos este d\u00eda: 14 mujeres y 17 hombres de las sedes universitarias<br \/>\nde El Mante, Victoria, Tampico y Reynosa.<br \/>\nEn la ceremonia se cont\u00f3 con la presencia del secretario de Administraci\u00f3n de la UAT, Francisco<br \/>\nCastillo Cedillo; as\u00ed como de familiares de los jubilados e integrantes del comit\u00e9 directivo estatal del<br \/>\nSUTUAT.<\/p>\n","protected":false},"excerpt":{"rendered":"El rector D\u00e1maso Anaya Alvarado presidi\u00f3 la ceremonia de entrega de reconocimientos al personal del Sindicato \u00danico de Trabajadores de la Universidad Aut\u00f3noma de Tamaulipas (SUTUAT), el cual reci\u00e9n inicia la etapa de jubilaci\u00f3n al concluir su ciclo laboral en la m\u00e1xima casa de estudios del estado. En un emotivo evento realizado en el Teatro","protected":false},"author":1,"featured_media":3393,"comment_status":"open","ping_status":"open","sticky":false,"template":"","format":"standard","meta":{"_monsterinsights_skip_tracking":false,"_monsterinsights_sitenote_active":false,"_monsterinsights_sitenote_note":"","_monsterinsights_sitenote_category":0,"footnotes":""},"categories":[3],"tags":[],"class_list":["post-3392","post","type-post","status-publish","format-standard","has-post-thumbnail","hentry","category-noticias"],"aioseo_notices":[],"amp_enabled":true,"_links":{"self":[{"href":"https:\/\/tamaulipasmiregion.com\/index.php?rest_route=\/wp\/v2\/posts\/3392","targetHints":{"allow":["GET"]}}],"collection":[{"href":"https:\/\/tamaulipasmiregion.com\/index.php?rest_route=\/wp\/v2\/posts"}],"about":[{"href":"https:\/\/tamaulipasmiregion.com\/index.php?rest_route=\/wp\/v2\/types\/post"}],"author":[{"embeddable":true,"href":"https:\/\/tamaulipasmiregion.com\/index.php?rest_route=\/wp\/v2\/users\/1"}],"replies":[{"embeddable":true,"href":"https:\/\/tamaulipasmiregion.com\/index.php?rest_route=%2Fwp%2Fv2%2Fcomments&post=3392"}],"version-history":[{"count":1,"href":"https:\/\/tamaulipasmiregion.com\/index.php?rest_route=\/wp\/v2\/posts\/3392\/revisions"}],"predecessor-version":[{"id":3394,"href":"https:\/\/tamaulipasmiregion.com\/index.php?rest_route=\/wp\/v2\/posts\/3392\/revisions\/3394"}],"wp:featuredmedia":[{"embeddable":true,"href":"https:\/\/tamaulipasmiregion.com\/index.php?rest_route=\/wp\/v2\/media\/3393"}],"wp:attachment":[{"href":"https:\/\/tamaulipasmiregion.com\/index.php?rest_route=%2Fwp%2Fv2%2Fmedia&parent=3392"}],"wp:term":[{"taxonomy":"category","embeddable":true,"href":"https:\/\/tamaulipasmiregion.com\/index.php?rest_route=%2Fwp%2Fv2%2Fcategories&post=3392"},{"taxonomy":"post_tag","embeddable":true,"href":"https:\/\/tamaulipasmiregion.com\/index.php?rest_route=%2Fwp%2Fv2%2Ftags&post=3392"}],"curies":[{"name":"wp","href":"https:\/\/api.w.org\/{rel}","templated":true}]}}