{"id":3398,"date":"2025-05-01T22:13:40","date_gmt":"2025-05-01T22:13:40","guid":{"rendered":"https:\/\/tamaulipasmiregion.com\/?p=3398"},"modified":"2025-05-05T22:14:30","modified_gmt":"2025-05-05T22:14:30","slug":"brinda-la-uat-festejo-a-ninos-y-ninas-del-personal-sindicalizado","status":"publish","type":"post","link":"https:\/\/tamaulipasmiregion.com\/?p=3398","title":{"rendered":"Brinda la UAT festejo a ni\u00f1os y ni\u00f1as del personal sindicalizado"},"content":{"rendered":"<p>Con un ambiente lleno de color, risas y fraternidad, la Universidad Aut\u00f3noma de Tamaulipas<br \/>\nllev\u00f3 a cabo una emotiva celebraci\u00f3n del D\u00eda del Ni\u00f1o y la Ni\u00f1a dirigida a hijos e hijas del<br \/>\npersonal universitario afiliado al Sindicato \u00danico de Trabajadores de la UAT (SUTUAT).<br \/>\nEl evento, celebrado en el Gimnasio Multidisciplinario Victoria, reuni\u00f3 a las familias<br \/>\nuniversitarias en una jornada de diversi\u00f3n, convivencia y reconocimiento al n\u00facleo laboral<br \/>\nde la instituci\u00f3n.<br \/>\nLa presidenta honoraria de Familia UAT, Isolda Rend\u00f3n de Anaya, ofreci\u00f3 el festejo en<br \/>\nrepresentaci\u00f3n del rector D\u00e1maso Anaya Alvarado, destacando el compromiso de la<br \/>\nadministraci\u00f3n universitaria con las familias, celebrando momentos que reflejan el<br \/>\nhumanismo y la unidad que distinguen a la comunidad de la m\u00e1xima casa de estudios.<br \/>\nDurante su intervenci\u00f3n, entreg\u00f3 juguetes a las y los menores y comparti\u00f3 momentos de<br \/>\nrecreaci\u00f3n con las familias, destacando el compromiso institucional con el bienestar integral<br \/>\nde las y los trabajadores.<br \/>\nPor su parte, el secretario general estatal del SUTUAT, Jos\u00e9 Luis Casta\u00f1\u00f3n Ramos, enfatiz\u00f3<br \/>\nla importancia del evento y agradeci\u00f3 a la UAT por su apoyo constante hacia el personal<br \/>\nsindicalizado.<br \/>\nLa celebraci\u00f3n incluy\u00f3 un variado show infantil con animadores, juegos y m\u00fasica; as\u00ed como<br \/>\nuna zona de inflables para que los ni\u00f1os disfrutaran de actividades recreativas; y una<br \/>\nmerienda con refrigerios para los asistentes.<br \/>\nLa UAT y el SUTUAT refrendaron su compromiso con el desarrollo integral de las familias<br \/>\ntrabajadoras, subrayando que eventos como este fortalecen valores como la solidaridad y la<br \/>\npertenencia institucional.<br \/>\nEsta celebraci\u00f3n marc\u00f3 el inicio de una serie de actividades para festejar a los hijos e hijas<br \/>\nde las y los trabajadores universitarios en todo el estado, reforzando con ello el compromiso<br \/>\nR-AP-01-34-01 Ver. 2<br \/>\nACT. 19\/07\/2024<br \/>\ninstitucional de promover espacios de esparcimiento, priorizando la integraci\u00f3n y el<br \/>\ndesarrollo de la comunidad universitaria.<\/p>\n","protected":false},"excerpt":{"rendered":"Con un ambiente lleno de color, risas y fraternidad, la Universidad Aut\u00f3noma de Tamaulipas llev\u00f3 a cabo una emotiva celebraci\u00f3n del D\u00eda del Ni\u00f1o y la Ni\u00f1a dirigida a hijos e hijas del personal universitario afiliado al Sindicato \u00danico de Trabajadores de la UAT (SUTUAT). El evento, celebrado en el Gimnasio Multidisciplinario Victoria, reuni\u00f3 a","protected":false},"author":1,"featured_media":3399,"comment_status":"open","ping_status":"open","sticky":false,"template":"","format":"standard","meta":{"_monsterinsights_skip_tracking":false,"_monsterinsights_sitenote_active":false,"_monsterinsights_sitenote_note":"","_monsterinsights_sitenote_category":0,"footnotes":""},"categories":[3],"tags":[],"class_list":["post-3398","post","type-post","status-publish","format-standard","has-post-thumbnail","hentry","category-noticias"],"aioseo_notices":[],"amp_enabled":true,"_links":{"self":[{"href":"https:\/\/tamaulipasmiregion.com\/index.php?rest_route=\/wp\/v2\/posts\/3398","targetHints":{"allow":["GET"]}}],"collection":[{"href":"https:\/\/tamaulipasmiregion.com\/index.php?rest_route=\/wp\/v2\/posts"}],"about":[{"href":"https:\/\/tamaulipasmiregion.com\/index.php?rest_route=\/wp\/v2\/types\/post"}],"author":[{"embeddable":true,"href":"https:\/\/tamaulipasmiregion.com\/index.php?rest_route=\/wp\/v2\/users\/1"}],"replies":[{"embeddable":true,"href":"https:\/\/tamaulipasmiregion.com\/index.php?rest_route=%2Fwp%2Fv2%2Fcomments&post=3398"}],"version-history":[{"count":1,"href":"https:\/\/tamaulipasmiregion.com\/index.php?rest_route=\/wp\/v2\/posts\/3398\/revisions"}],"predecessor-version":[{"id":3400,"href":"https:\/\/tamaulipasmiregion.com\/index.php?rest_route=\/wp\/v2\/posts\/3398\/revisions\/3400"}],"wp:featuredmedia":[{"embeddable":true,"href":"https:\/\/tamaulipasmiregion.com\/index.php?rest_route=\/wp\/v2\/media\/3399"}],"wp:attachment":[{"href":"https:\/\/tamaulipasmiregion.com\/index.php?rest_route=%2Fwp%2Fv2%2Fmedia&parent=3398"}],"wp:term":[{"taxonomy":"category","embeddable":true,"href":"https:\/\/tamaulipasmiregion.com\/index.php?rest_route=%2Fwp%2Fv2%2Fcategories&post=3398"},{"taxonomy":"post_tag","embeddable":true,"href":"https:\/\/tamaulipasmiregion.com\/index.php?rest_route=%2Fwp%2Fv2%2Ftags&post=3398"}],"curies":[{"name":"wp","href":"https:\/\/api.w.org\/{rel}","templated":true}]}}