{"id":3401,"date":"2025-05-02T22:16:50","date_gmt":"2025-05-02T22:16:50","guid":{"rendered":"https:\/\/tamaulipasmiregion.com\/?p=3401"},"modified":"2025-05-05T22:17:36","modified_gmt":"2025-05-05T22:17:36","slug":"ofrece-la-uat-concierto-ludico-y-educativo-por-el-dia-del-nino-y-de-la-nina","status":"publish","type":"post","link":"https:\/\/tamaulipasmiregion.com\/?p=3401","title":{"rendered":"Ofrece la UAT concierto l\u00fadico y educativo por el D\u00eda del Ni\u00f1o y de la Ni\u00f1a"},"content":{"rendered":"<p>La Universidad Aut\u00f3noma de Tamaulipas (UAT) ofreci\u00f3 un espect\u00e1culo musical lleno de<br \/>\naprendizaje y diversi\u00f3n para los ni\u00f1os y ni\u00f1as de los centros de desarrollo infantil de esta<br \/>\ncasa de estudios en Ciudad Victoria.<br \/>\nEn el marco conmemorativo del D\u00eda del Ni\u00f1o y de la Ni\u00f1a, el evento fue organizado por<br \/>\nFamilia UAT y la Direcci\u00f3n de Cultura y Arte con el prop\u00f3sito de combinar entretenimiento<br \/>\ny promoci\u00f3n art\u00edstica.<br \/>\nTeniendo como escenario el Auditorio Alberto L\u00f3pez del Centro Cultural Tamaulipas, se<br \/>\nofreci\u00f3 la presentaci\u00f3n del Quinteto de Alientos UAT, que protagoniz\u00f3 la jornada con un<br \/>\nespect\u00e1culo interactivo dirigido a ni\u00f1os y ni\u00f1as del C\u00edrculo de Desarrollo Infantil y del<br \/>\nCENDI de la UAT.<br \/>\nLos m\u00fasicos de la UAT, caracterizados como personajes infantiles como Mario, Luigi, Jessie<br \/>\nla Vaquerita, Blancanieves y la Chilindrina, capturaron la atenci\u00f3n del p\u00fablico con un<br \/>\nrepertorio que incluy\u00f3 melod\u00edas populares de pel\u00edculas infantiles y cl\u00e1sicos musicales.<br \/>\nAdem\u00e1s, los integrantes del quinteto aprovecharon la ocasi\u00f3n para ense\u00f1ar a los peque\u00f1os<br \/>\nlos instrumentos que conforman un ensamble de alientos: el fagot, la flauta transversal, el<br \/>\ncorno franc\u00e9s y el clarinete, fomentando as\u00ed su curiosidad por la m\u00fasica.<br \/>\nEn representaci\u00f3n de la presidenta honoraria de Familia UAT, Isolda Rend\u00f3n de Anaya,<br \/>\nestuvo presente la directora general de Familia UAT, Laura Garc\u00eda \u00c1lvarez; adem\u00e1s se cont\u00f3<br \/>\ncon la asistencia de la directora del Centro Cultural Tamaulipas, Ileana Mart\u00ednez Leal; del<br \/>\ndirector de Cultura y Arte UAT, Ram\u00f3n Rold\u00e1n Ru\u00edz; y de las titulares del C\u00edrculo de<br \/>\nDesarrollo Infantil y del CENDI de la UAT de Ciudad Victoria, quienes acompa\u00f1aron a los<br \/>\nmenores en esta experiencia l\u00fadica.<\/p>\n","protected":false},"excerpt":{"rendered":"La Universidad Aut\u00f3noma de Tamaulipas (UAT) ofreci\u00f3 un espect\u00e1culo musical lleno de aprendizaje y diversi\u00f3n para los ni\u00f1os y ni\u00f1as de los centros de desarrollo infantil de esta casa de estudios en Ciudad Victoria. En el marco conmemorativo del D\u00eda del Ni\u00f1o y de la Ni\u00f1a, el evento fue organizado por Familia UAT y la","protected":false},"author":1,"featured_media":3402,"comment_status":"open","ping_status":"open","sticky":false,"template":"","format":"standard","meta":{"_monsterinsights_skip_tracking":false,"_monsterinsights_sitenote_active":false,"_monsterinsights_sitenote_note":"","_monsterinsights_sitenote_category":0,"footnotes":""},"categories":[3],"tags":[],"class_list":["post-3401","post","type-post","status-publish","format-standard","has-post-thumbnail","hentry","category-noticias"],"aioseo_notices":[],"amp_enabled":true,"_links":{"self":[{"href":"https:\/\/tamaulipasmiregion.com\/index.php?rest_route=\/wp\/v2\/posts\/3401","targetHints":{"allow":["GET"]}}],"collection":[{"href":"https:\/\/tamaulipasmiregion.com\/index.php?rest_route=\/wp\/v2\/posts"}],"about":[{"href":"https:\/\/tamaulipasmiregion.com\/index.php?rest_route=\/wp\/v2\/types\/post"}],"author":[{"embeddable":true,"href":"https:\/\/tamaulipasmiregion.com\/index.php?rest_route=\/wp\/v2\/users\/1"}],"replies":[{"embeddable":true,"href":"https:\/\/tamaulipasmiregion.com\/index.php?rest_route=%2Fwp%2Fv2%2Fcomments&post=3401"}],"version-history":[{"count":2,"href":"https:\/\/tamaulipasmiregion.com\/index.php?rest_route=\/wp\/v2\/posts\/3401\/revisions"}],"predecessor-version":[{"id":3404,"href":"https:\/\/tamaulipasmiregion.com\/index.php?rest_route=\/wp\/v2\/posts\/3401\/revisions\/3404"}],"wp:featuredmedia":[{"embeddable":true,"href":"https:\/\/tamaulipasmiregion.com\/index.php?rest_route=\/wp\/v2\/media\/3402"}],"wp:attachment":[{"href":"https:\/\/tamaulipasmiregion.com\/index.php?rest_route=%2Fwp%2Fv2%2Fmedia&parent=3401"}],"wp:term":[{"taxonomy":"category","embeddable":true,"href":"https:\/\/tamaulipasmiregion.com\/index.php?rest_route=%2Fwp%2Fv2%2Fcategories&post=3401"},{"taxonomy":"post_tag","embeddable":true,"href":"https:\/\/tamaulipasmiregion.com\/index.php?rest_route=%2Fwp%2Fv2%2Ftags&post=3401"}],"curies":[{"name":"wp","href":"https:\/\/api.w.org\/{rel}","templated":true}]}}