{"id":3405,"date":"2025-05-03T22:19:19","date_gmt":"2025-05-03T22:19:19","guid":{"rendered":"https:\/\/tamaulipasmiregion.com\/?p=3405"},"modified":"2025-05-05T22:32:19","modified_gmt":"2025-05-05T22:32:19","slug":"presenta-la-uat-su-talento-artistico-en-el-dia-de-internacional-de-la-danza","status":"publish","type":"post","link":"https:\/\/tamaulipasmiregion.com\/?p=3405","title":{"rendered":"Presenta la UAT su talento art\u00edstico en el D\u00eda de Internacional de la Danza"},"content":{"rendered":"<p>La Universidad Aut\u00f3noma de Tamaulipas (UAT) conmemor\u00f3 el D\u00eda Internacional de la Danza 2025<br \/>\ncon un magno evento que reuni\u00f3 a talentos representativos de la m\u00e1xima casa de estudios y a<br \/>\ndestacadas agrupaciones de danza locales, en un programa que fusion\u00f3 tradici\u00f3n, innovaci\u00f3n y<br \/>\ndiversidad cultural.<br \/>\nTeniendo como escenario el Teatro Amalia G. de Castillo Led\u00f3n del Centro Cultural Tamaulipas, el<br \/>\nevento cumpli\u00f3 con su objetivo de fortalecer la vinculaci\u00f3n cultural, promover la expresi\u00f3n art\u00edstica<br \/>\ncomo herramienta de cohesi\u00f3n social y proyectar el compromiso de la UAT con la formaci\u00f3n integral<br \/>\ndel talento art\u00edstico.<br \/>\nLas coreograf\u00edas abarcaron g\u00e9neros como ballet cl\u00e1sico, danza a\u00e9rea, danza contempor\u00e1nea,<br \/>\nbellydance, tahitiano, lat\u00edn jazz, folclor, reguet\u00f3n, hiphop y tap, evidenciando la riqueza danc\u00edstica<br \/>\nen la entidad.<br \/>\nSe destac\u00f3 la participaci\u00f3n de los Talleres Art\u00edsticos Universitarios, que deleitaron con piezas<br \/>\nemblem\u00e1ticas de ballet cl\u00e1sico y danza moderna infantil y juvenil; mientras que el Ballet Folkl\u00f3rico<br \/>\nInfantil y el Ballet Folkl\u00f3rico UAT enaltecieron tradiciones regionales con bailes t\u00edpicos de la regi\u00f3n.<br \/>\nAdem\u00e1s, agrupaciones como Horus Dance, de la Facultad de Ciencias de la Educaci\u00f3n y<br \/>\nHumanidades, y FOX EnerG, de la Facultad de Comercio y Administraci\u00f3n Victoria, reflejaron la<br \/>\ndiversidad del arte universitario.<br \/>\nEstuvieron presentes el secretario de Vinculaci\u00f3n de la UAT, Rogelio de Jes\u00fas Ram\u00edrez Flores, y la<br \/>\nsecretar\u00eda de Gesti\u00f3n Escolar, Alma Amalia Hern\u00e1ndez Ilizaliturri, as\u00ed como directivos de las<br \/>\nfacultades universitarias.<br \/>\nComo parte de la conmemoraci\u00f3n, el 30 de abril se replic\u00f3 este festejo en el Campus Tampico, con<br \/>\nla presentaci\u00f3n de la Compa\u00f1\u00eda de Danza Folkl\u00f3rica, el Ballet Folkl\u00f3rico Yacatecutli y el Ballet de<br \/>\nC\u00e1mara de la UAT.<br \/>\nR-AP-01-34-01 Ver. 2<br \/>\nACT. 19\/07\/2024<br \/>\nReafirmando el compromiso de fomentar el desarrollo art\u00edstico y de contribuir en generar espacios<br \/>\nde encuentro comunitario, la UAT llev\u00f3 a cabo este evento a trav\u00e9s de la Secretar\u00eda de Vinculaci\u00f3n<br \/>\ny la Direcci\u00f3n de Cultura y Arte, en coordinaci\u00f3n con el Gobierno del Estado, mediante el Instituto<br \/>\nTamaulipeco para la Cultura y las Artes (ITCA).<\/p>\n","protected":false},"excerpt":{"rendered":"La Universidad Aut\u00f3noma de Tamaulipas (UAT) conmemor\u00f3 el D\u00eda Internacional de la Danza 2025 con un magno evento que reuni\u00f3 a talentos representativos de la m\u00e1xima casa de estudios y a destacadas agrupaciones de danza locales, en un programa que fusion\u00f3 tradici\u00f3n, innovaci\u00f3n y diversidad cultural. Teniendo como escenario el Teatro Amalia G. de Castillo","protected":false},"author":1,"featured_media":3415,"comment_status":"open","ping_status":"open","sticky":false,"template":"","format":"standard","meta":{"_monsterinsights_skip_tracking":false,"_monsterinsights_sitenote_active":false,"_monsterinsights_sitenote_note":"","_monsterinsights_sitenote_category":0,"footnotes":""},"categories":[3],"tags":[],"class_list":["post-3405","post","type-post","status-publish","format-standard","has-post-thumbnail","hentry","category-noticias"],"aioseo_notices":[],"amp_enabled":true,"_links":{"self":[{"href":"https:\/\/tamaulipasmiregion.com\/index.php?rest_route=\/wp\/v2\/posts\/3405","targetHints":{"allow":["GET"]}}],"collection":[{"href":"https:\/\/tamaulipasmiregion.com\/index.php?rest_route=\/wp\/v2\/posts"}],"about":[{"href":"https:\/\/tamaulipasmiregion.com\/index.php?rest_route=\/wp\/v2\/types\/post"}],"author":[{"embeddable":true,"href":"https:\/\/tamaulipasmiregion.com\/index.php?rest_route=\/wp\/v2\/users\/1"}],"replies":[{"embeddable":true,"href":"https:\/\/tamaulipasmiregion.com\/index.php?rest_route=%2Fwp%2Fv2%2Fcomments&post=3405"}],"version-history":[{"count":2,"href":"https:\/\/tamaulipasmiregion.com\/index.php?rest_route=\/wp\/v2\/posts\/3405\/revisions"}],"predecessor-version":[{"id":3416,"href":"https:\/\/tamaulipasmiregion.com\/index.php?rest_route=\/wp\/v2\/posts\/3405\/revisions\/3416"}],"wp:featuredmedia":[{"embeddable":true,"href":"https:\/\/tamaulipasmiregion.com\/index.php?rest_route=\/wp\/v2\/media\/3415"}],"wp:attachment":[{"href":"https:\/\/tamaulipasmiregion.com\/index.php?rest_route=%2Fwp%2Fv2%2Fmedia&parent=3405"}],"wp:term":[{"taxonomy":"category","embeddable":true,"href":"https:\/\/tamaulipasmiregion.com\/index.php?rest_route=%2Fwp%2Fv2%2Fcategories&post=3405"},{"taxonomy":"post_tag","embeddable":true,"href":"https:\/\/tamaulipasmiregion.com\/index.php?rest_route=%2Fwp%2Fv2%2Ftags&post=3405"}],"curies":[{"name":"wp","href":"https:\/\/api.w.org\/{rel}","templated":true}]}}