{"id":3407,"date":"2025-05-04T22:23:46","date_gmt":"2025-05-04T22:23:46","guid":{"rendered":"https:\/\/tamaulipasmiregion.com\/?p=3407"},"modified":"2025-05-05T22:25:17","modified_gmt":"2025-05-05T22:25:17","slug":"implementa-la-uat-prepa-en-linea","status":"publish","type":"post","link":"https:\/\/tamaulipasmiregion.com\/?p=3407","title":{"rendered":"Implementa la UAT prepa en l\u00ednea"},"content":{"rendered":"<p>La Universidad Aut\u00f3noma de Tamaulipas (UAT) pondr\u00e1 en marcha el Modelo de Bachillerato Virtual<br \/>\ny Mixto de la UAT, con el prop\u00f3sito de acercar este nivel de estudios a personas en situaci\u00f3n de<br \/>\nvulnerabilidad e incrementar la cobertura educativa en la entidad.<br \/>\nAl encabezar la reuni\u00f3n para definir las acciones de este modelo, el rector D\u00e1maso Anaya Alvarado<br \/>\ndestac\u00f3 que uno de los proyectos prioritarios de la Universidad es acercar la educaci\u00f3n media<br \/>\nsuperior a todas las regiones de Tamaulipas, con especial atenci\u00f3n a las comunidades que<br \/>\nactualmente no cuentan con este servicio educativo.<br \/>\nRefiri\u00f3 que este programa permitir\u00e1 a las personas cursar sus estudios desde cualquier parte del<br \/>\nestado, e incluso del pa\u00eds, ampliando as\u00ed la cobertura educativa y brindando una nueva oportunidad<br \/>\na quienes, por diversas razones, no concluyeron la preparatoria, para que puedan obtener este<br \/>\ngrado acad\u00e9mico.<br \/>\nDestac\u00f3 que este proyecto ha contado con la participaci\u00f3n de autoridades municipales y el apoyo<br \/>\ndel Gobierno de Tamaulipas, y que, luego de abrir la Preparatoria Nuevo Laredo, se esperan m\u00e1s<br \/>\nacciones en otros municipios de la entidad.<br \/>\nSubray\u00f3 que, como parte de este esfuerzo, la UAT planea abrir cinco nuevos programas de<br \/>\nlicenciatura totalmente en l\u00ednea, que se sumar\u00e1n a los que ya existen, con lo cual, la Universidad<br \/>\niniciar\u00e1 una nueva etapa de crecimiento.<br \/>\nPor su parte, la secretaria acad\u00e9mica, Rosa Issel Acosta Gonz\u00e1lez, expuso los detalles del Modelo de<br \/>\nBachillerato Virtual y Mixto de la UAT, destacando el objetivo de contribuir a reducir el rezago<br \/>\neducativo y ampliar la oferta de bachillerato para personas que no tienen acceso a este nivel de<br \/>\nestudios.<br \/>\nEn la reuni\u00f3n realizada en el Centro Universitario de Idiomas del Campus Victoria, estuvo presente<br \/>\npersonal de la Secretar\u00eda Acad\u00e9mica y directores de las Escuelas Preparatorias de la UAT.<\/p>\n","protected":false},"excerpt":{"rendered":"La Universidad Aut\u00f3noma de Tamaulipas (UAT) pondr\u00e1 en marcha el Modelo de Bachillerato Virtual y Mixto de la UAT, con el prop\u00f3sito de acercar este nivel de estudios a personas en situaci\u00f3n de vulnerabilidad e incrementar la cobertura educativa en la entidad. Al encabezar la reuni\u00f3n para definir las acciones de este modelo, el rector","protected":false},"author":1,"featured_media":3408,"comment_status":"open","ping_status":"open","sticky":false,"template":"","format":"standard","meta":{"_monsterinsights_skip_tracking":false,"_monsterinsights_sitenote_active":false,"_monsterinsights_sitenote_note":"","_monsterinsights_sitenote_category":0,"footnotes":""},"categories":[3],"tags":[],"class_list":["post-3407","post","type-post","status-publish","format-standard","has-post-thumbnail","hentry","category-noticias"],"aioseo_notices":[],"amp_enabled":true,"_links":{"self":[{"href":"https:\/\/tamaulipasmiregion.com\/index.php?rest_route=\/wp\/v2\/posts\/3407","targetHints":{"allow":["GET"]}}],"collection":[{"href":"https:\/\/tamaulipasmiregion.com\/index.php?rest_route=\/wp\/v2\/posts"}],"about":[{"href":"https:\/\/tamaulipasmiregion.com\/index.php?rest_route=\/wp\/v2\/types\/post"}],"author":[{"embeddable":true,"href":"https:\/\/tamaulipasmiregion.com\/index.php?rest_route=\/wp\/v2\/users\/1"}],"replies":[{"embeddable":true,"href":"https:\/\/tamaulipasmiregion.com\/index.php?rest_route=%2Fwp%2Fv2%2Fcomments&post=3407"}],"version-history":[{"count":2,"href":"https:\/\/tamaulipasmiregion.com\/index.php?rest_route=\/wp\/v2\/posts\/3407\/revisions"}],"predecessor-version":[{"id":3410,"href":"https:\/\/tamaulipasmiregion.com\/index.php?rest_route=\/wp\/v2\/posts\/3407\/revisions\/3410"}],"wp:featuredmedia":[{"embeddable":true,"href":"https:\/\/tamaulipasmiregion.com\/index.php?rest_route=\/wp\/v2\/media\/3408"}],"wp:attachment":[{"href":"https:\/\/tamaulipasmiregion.com\/index.php?rest_route=%2Fwp%2Fv2%2Fmedia&parent=3407"}],"wp:term":[{"taxonomy":"category","embeddable":true,"href":"https:\/\/tamaulipasmiregion.com\/index.php?rest_route=%2Fwp%2Fv2%2Fcategories&post=3407"},{"taxonomy":"post_tag","embeddable":true,"href":"https:\/\/tamaulipasmiregion.com\/index.php?rest_route=%2Fwp%2Fv2%2Ftags&post=3407"}],"curies":[{"name":"wp","href":"https:\/\/api.w.org\/{rel}","templated":true}]}}