{"id":3421,"date":"2025-05-07T00:07:50","date_gmt":"2025-05-07T00:07:50","guid":{"rendered":"https:\/\/tamaulipasmiregion.com\/?p=3421"},"modified":"2025-05-21T00:08:52","modified_gmt":"2025-05-21T00:08:52","slug":"prepara-la-uat-programa-de-certificaciones-internacionales-para-sus-estudiantes","status":"publish","type":"post","link":"https:\/\/tamaulipasmiregion.com\/?p=3421","title":{"rendered":"Prepara la UAT programa de certificaciones internacionales para sus estudiantes"},"content":{"rendered":"<p>Mediante alianzas estrat\u00e9gicas con organismos internacionales, la Universidad Aut\u00f3noma de<br \/>\nTamaulipas (UAT) prepara un programa institucional de certificaciones orientadas al fortalecimiento<br \/>\nacad\u00e9mico y profesional de su comunidad.<br \/>\nEstas alianzas buscan impulsar la certificaci\u00f3n de competencias, habilidades e idiomas, alineadas<br \/>\ncon los requerimientos de un mercado laboral cada vez m\u00e1s competitivo y globalizado.<br \/>\nTal como lo ha se\u00f1alado el rector de la UAT, D\u00e1maso Anaya Alvarado, se busca brindar a la<br \/>\ncomunidad estudiantil las herramientas que trasciendan la formaci\u00f3n tradicional y que respondan<br \/>\nde manera directa a las exigencias del \u00e1mbito profesional contempor\u00e1neo.<br \/>\nEn ese contexto, est\u00e1 contemplado para el pr\u00f3ximo 14 de mayo, en el Campus Sur, la firma de<br \/>\nalianzas estrat\u00e9gicas con los titulares de las organizaciones internacionales que forman parte de<br \/>\neste importante proyecto.<br \/>\nSe destaca la participaci\u00f3n de \u201cPuntoEdu\u201d, con un enfoque en la certificaci\u00f3n de idiomas, cuyo<br \/>\nobjetivo es fortalecer las competencias ling\u00fc\u00edsticas como una herramienta clave de<br \/>\ninternacionalizaci\u00f3n y empleabilidad.<br \/>\nAsimismo, la compa\u00f1\u00eda \u201cPearson\u201d, enfocada en \u00e1reas como tecnolog\u00eda, innovaci\u00f3n, herramientas<br \/>\ndigitales y competencias laborales, con una amplia oferta de m\u00e1s de cuarenta opciones de<br \/>\ncertificaci\u00f3n internacional.<br \/>\nParticipa tambi\u00e9n \u201cETC Iberoam\u00e9rica\u201d, una organizaci\u00f3n con experiencia en la formaci\u00f3n y<br \/>\nevaluaci\u00f3n en entornos educativos y tecnol\u00f3gicos, cuyos programas permitir\u00e1n desarrollar<br \/>\ncompetencias clave en la preparaci\u00f3n acad\u00e9mica y profesional de la comunidad universitaria.<br \/>\nR-AP-01-34-01 Ver. 2<br \/>\nACT. 19\/07\/2024<br \/>\nAdem\u00e1s de vincular estas certificaciones con los programas educativos existentes, fortaleciendo el<br \/>\nperfil de egreso de los estudiantes de la UAT, este proyecto contribuye en fomentar una cultura<br \/>\ninstitucional orientada a la evaluaci\u00f3n y validaci\u00f3n formal de competencias.<\/p>\n","protected":false},"excerpt":{"rendered":"Mediante alianzas estrat\u00e9gicas con organismos internacionales, la Universidad Aut\u00f3noma de Tamaulipas (UAT) prepara un programa institucional de certificaciones orientadas al fortalecimiento acad\u00e9mico y profesional de su comunidad. Estas alianzas buscan impulsar la certificaci\u00f3n de competencias, habilidades e idiomas, alineadas con los requerimientos de un mercado laboral cada vez m\u00e1s competitivo y globalizado. Tal como lo","protected":false},"author":1,"featured_media":3422,"comment_status":"open","ping_status":"open","sticky":false,"template":"","format":"standard","meta":{"_monsterinsights_skip_tracking":false,"_monsterinsights_sitenote_active":false,"_monsterinsights_sitenote_note":"","_monsterinsights_sitenote_category":0,"footnotes":""},"categories":[3],"tags":[],"class_list":["post-3421","post","type-post","status-publish","format-standard","has-post-thumbnail","hentry","category-noticias"],"aioseo_notices":[],"amp_enabled":true,"_links":{"self":[{"href":"https:\/\/tamaulipasmiregion.com\/index.php?rest_route=\/wp\/v2\/posts\/3421","targetHints":{"allow":["GET"]}}],"collection":[{"href":"https:\/\/tamaulipasmiregion.com\/index.php?rest_route=\/wp\/v2\/posts"}],"about":[{"href":"https:\/\/tamaulipasmiregion.com\/index.php?rest_route=\/wp\/v2\/types\/post"}],"author":[{"embeddable":true,"href":"https:\/\/tamaulipasmiregion.com\/index.php?rest_route=\/wp\/v2\/users\/1"}],"replies":[{"embeddable":true,"href":"https:\/\/tamaulipasmiregion.com\/index.php?rest_route=%2Fwp%2Fv2%2Fcomments&post=3421"}],"version-history":[{"count":2,"href":"https:\/\/tamaulipasmiregion.com\/index.php?rest_route=\/wp\/v2\/posts\/3421\/revisions"}],"predecessor-version":[{"id":3424,"href":"https:\/\/tamaulipasmiregion.com\/index.php?rest_route=\/wp\/v2\/posts\/3421\/revisions\/3424"}],"wp:featuredmedia":[{"embeddable":true,"href":"https:\/\/tamaulipasmiregion.com\/index.php?rest_route=\/wp\/v2\/media\/3422"}],"wp:attachment":[{"href":"https:\/\/tamaulipasmiregion.com\/index.php?rest_route=%2Fwp%2Fv2%2Fmedia&parent=3421"}],"wp:term":[{"taxonomy":"category","embeddable":true,"href":"https:\/\/tamaulipasmiregion.com\/index.php?rest_route=%2Fwp%2Fv2%2Fcategories&post=3421"},{"taxonomy":"post_tag","embeddable":true,"href":"https:\/\/tamaulipasmiregion.com\/index.php?rest_route=%2Fwp%2Fv2%2Ftags&post=3421"}],"curies":[{"name":"wp","href":"https:\/\/api.w.org\/{rel}","templated":true}]}}