{"id":3432,"date":"2025-06-03T01:46:00","date_gmt":"2025-06-03T01:46:00","guid":{"rendered":"https:\/\/tamaulipasmiregion.com\/?p=3432"},"modified":"2025-06-06T01:46:58","modified_gmt":"2025-06-06T01:46:58","slug":"prepara-la-uat-congreso-estatal-de-buenas-practicas-educativas","status":"publish","type":"post","link":"https:\/\/tamaulipasmiregion.com\/?p=3432","title":{"rendered":"Prepara la UAT Congreso Estatal de Buenas Pr\u00e1cticas Educativas"},"content":{"rendered":"<p>La convocatoria est\u00e1 abierta a la participaci\u00f3n de maestras y maestros de todas las<br \/>\ninstituciones de educaci\u00f3n media superior y superior de Tamaulipas.<br \/>\nCon el compromiso de fortalecer la calidad educativa en los niveles de educaci\u00f3n Media Superior y<br \/>\nSuperior, la Universidad Aut\u00f3noma de Tamaulipas (UAT), en colaboraci\u00f3n con el Gobierno del<br \/>\nEstado, a trav\u00e9s de la Secretar\u00eda de Educaci\u00f3n, organiza el Congreso Estatal de Buenas Pr\u00e1cticas<br \/>\nEducativas, a celebrarse los d\u00edas 26 y 27 de agosto en Ciudad Victoria.<br \/>\nComo parte de las iniciativas institucionales que impulsa el rector de la UAT, D\u00e1maso Anaya<br \/>\nAlvarado, este encuentro acad\u00e9mico tiene como prop\u00f3sito ofrecer un espacio para el an\u00e1lisis, el<br \/>\ndi\u00e1logo y la reflexi\u00f3n sobre las mejores pr\u00e1cticas educativas implementadas por docentes, con el fin<br \/>\nde consolidar una ense\u00f1anza m\u00e1s pertinente, innovadora y transformadora.<br \/>\nEn conjunto con las pol\u00edticas educativas del Gobierno del Estado de Tamaulipas, el evento busca<br \/>\nreunir la participaci\u00f3n de maestras y maestros de Bachillerato y Licenciatura, para compartir y<br \/>\ndifundir experiencias exitosas, fortalecer el compromiso docente e impulsar una mejora continua<br \/>\nen la formaci\u00f3n acad\u00e9mica de la comunidad estudiantil de la entidad.<br \/>\nEl Congreso, que tendr\u00e1 como sede el Polyforum Dr. Rodolfo Torre Cant\u00fa, se desarrollar\u00e1 mediante<br \/>\nconferencias, paneles de discusi\u00f3n, presentaciones y mesas de trabajo, para lo cual la convocatoria<br \/>\nse encuentra abierta invitando a todas y todos los docentes interesados a compartir sus buenas<br \/>\npr\u00e1cticas educativas m\u00e1s significativas.<br \/>\nContempla dos modalidades de participaci\u00f3n: como ponente, cuya contribuci\u00f3n ser\u00e1 incluida en<br \/>\nuna Memoria Digital; y como asistente, ofreciendo a cada participante la posibilidad de integrarse<br \/>\nal di\u00e1logo pedag\u00f3gico desde sus propias experiencias, intereses y aportaciones al \u00e1mbito educativo.<br \/>\nLas propuestas deber\u00e1n centrarse en alguna de las siete mesas tem\u00e1ticas: Ense\u00f1anza humanista y<br \/>\nresponsabilidad social educativa; Evaluaci\u00f3n de los aprendizajes; Uso de la inteligencia artificial en<br \/>\nR-AP-01-34-01 Ver. 2<br \/>\nACT. 19\/07\/2024<br \/>\nla educaci\u00f3n; Tutor\u00edas y asesor\u00edas para la mejora acad\u00e9mica; Formaci\u00f3n Dual, Profesionalizaci\u00f3n de<br \/>\nla Docencia; e Innovaci\u00f3n Educativa.<br \/>\nLa recepci\u00f3n de ponencias se encuentra abierta y concluir\u00e1 el pr\u00f3ximo 11 de julio. Por su parte, el<br \/>\nregistro para participar como asistente est\u00e1 disponible y permanecer\u00e1 habilitado hasta el d\u00eda del<br \/>\nevento.<br \/>\nEl proceso de inscripci\u00f3n se deber\u00e1 realizar a trav\u00e9s del sitio oficial del Congreso<br \/>\nhttps:\/\/buenaspracticaseducativas.uat.edu.mx; y para mayores informes pueden consultar la<br \/>\np\u00e1gina oficial o escribir al correo electr\u00f3nico: buenaspracticasedu@uat.edu.mx.<\/p>\n","protected":false},"excerpt":{"rendered":"La convocatoria est\u00e1 abierta a la participaci\u00f3n de maestras y maestros de todas las instituciones de educaci\u00f3n media superior y superior de Tamaulipas. Con el compromiso de fortalecer la calidad educativa en los niveles de educaci\u00f3n Media Superior y Superior, la Universidad Aut\u00f3noma de Tamaulipas (UAT), en colaboraci\u00f3n con el Gobierno del Estado, a trav\u00e9s","protected":false},"author":1,"featured_media":3433,"comment_status":"open","ping_status":"open","sticky":false,"template":"","format":"standard","meta":{"_monsterinsights_skip_tracking":false,"_monsterinsights_sitenote_active":false,"_monsterinsights_sitenote_note":"","_monsterinsights_sitenote_category":0,"footnotes":""},"categories":[3],"tags":[],"class_list":["post-3432","post","type-post","status-publish","format-standard","has-post-thumbnail","hentry","category-noticias"],"aioseo_notices":[],"amp_enabled":true,"_links":{"self":[{"href":"https:\/\/tamaulipasmiregion.com\/index.php?rest_route=\/wp\/v2\/posts\/3432","targetHints":{"allow":["GET"]}}],"collection":[{"href":"https:\/\/tamaulipasmiregion.com\/index.php?rest_route=\/wp\/v2\/posts"}],"about":[{"href":"https:\/\/tamaulipasmiregion.com\/index.php?rest_route=\/wp\/v2\/types\/post"}],"author":[{"embeddable":true,"href":"https:\/\/tamaulipasmiregion.com\/index.php?rest_route=\/wp\/v2\/users\/1"}],"replies":[{"embeddable":true,"href":"https:\/\/tamaulipasmiregion.com\/index.php?rest_route=%2Fwp%2Fv2%2Fcomments&post=3432"}],"version-history":[{"count":2,"href":"https:\/\/tamaulipasmiregion.com\/index.php?rest_route=\/wp\/v2\/posts\/3432\/revisions"}],"predecessor-version":[{"id":3498,"href":"https:\/\/tamaulipasmiregion.com\/index.php?rest_route=\/wp\/v2\/posts\/3432\/revisions\/3498"}],"wp:featuredmedia":[{"embeddable":true,"href":"https:\/\/tamaulipasmiregion.com\/index.php?rest_route=\/wp\/v2\/media\/3433"}],"wp:attachment":[{"href":"https:\/\/tamaulipasmiregion.com\/index.php?rest_route=%2Fwp%2Fv2%2Fmedia&parent=3432"}],"wp:term":[{"taxonomy":"category","embeddable":true,"href":"https:\/\/tamaulipasmiregion.com\/index.php?rest_route=%2Fwp%2Fv2%2Fcategories&post=3432"},{"taxonomy":"post_tag","embeddable":true,"href":"https:\/\/tamaulipasmiregion.com\/index.php?rest_route=%2Fwp%2Fv2%2Ftags&post=3432"}],"curies":[{"name":"wp","href":"https:\/\/api.w.org\/{rel}","templated":true}]}}