{"id":3446,"date":"2025-05-08T19:06:05","date_gmt":"2025-05-08T19:06:05","guid":{"rendered":"https:\/\/tamaulipasmiregion.com\/?p=3446"},"modified":"2025-07-03T19:07:18","modified_gmt":"2025-07-03T19:07:18","slug":"inaugura-rector-de-la-uat-programa-institucional-de-salud","status":"publish","type":"post","link":"https:\/\/tamaulipasmiregion.com\/?p=3446","title":{"rendered":"Inaugura rector de la UAT programa institucional de salud"},"content":{"rendered":"<p>La Universidad Aut\u00f3noma de Tamaulipas (UAT), en coordinaci\u00f3n con el Gobierno del Estado a trav\u00e9s<br \/>\nde la Secretar\u00eda de Salud, puso en marcha el programa \u201cEstilos de Vida que Inspiran y Transforman\u201d,<br \/>\nenfocado en motivar a las y los estudiantes a adoptar h\u00e1bitos saludables, conscientes y sostenibles<br \/>\nque impacten positivamente en su vida acad\u00e9mica y personal.<br \/>\nEl evento de apertura fue presidido por el rector de la UAT, D\u00e1maso Anaya Alvarado, acompa\u00f1ado<br \/>\ndel secretario de Salud en Tamaulipas, Vicente Joel Hern\u00e1ndez Navarro; y de la presidenta honoraria<br \/>\nde Familia UAT, Lic. Isolda Rend\u00f3n de Anaya.<br \/>\nAnte la asistencia de directivos, docentes y estudiantes de las dependencias acad\u00e9micas, as\u00ed como<br \/>\npersonal administrativo universitario, el rector destac\u00f3 la importancia de impulsar este programa<br \/>\nentre los estudiantes, promoviendo una vida saludable desde edades tempranas.<br \/>\nResalt\u00f3 que, como parte de esta actividad, se desarroll\u00f3 una aplicaci\u00f3n m\u00f3vil que permite a los<br \/>\nusuarios monitorear y visualizar c\u00f3mo se transforma su salud con h\u00e1bitos positivos.<br \/>\nD\u00e1maso Anaya reafirm\u00f3 que vivir bien debe ser una decisi\u00f3n cotidiana, no un lujo, y que la UAT<br \/>\ntrabaja para formar l\u00edderes saludables, colaborando estrechamente con la Secretar\u00eda de Salud para<br \/>\nlograr una transformaci\u00f3n sostenible en la vida de la juventud.<br \/>\nPor su parte, Hern\u00e1ndez Navarro destac\u00f3 que el trabajo conjunto entre la Secretar\u00eda de Salud y la<br \/>\nUAT es fundamental para crear conciencia y fomentar una cultura del autocuidado, enfatizando la<br \/>\nimportancia de implementar acciones que fortalezcan los estilos de vida saludables entre los<br \/>\nj\u00f3venes, ya que los h\u00e1bitos adquiridos en esta etapa impactar\u00e1n directamente en su salud.<br \/>\nEn el arranque de este programa institucional, se imparti\u00f3 la conferencia \u201cConectando con tu yo del<br \/>\nfuturo\u201d, por Jason Miguel Arag\u00f3n, asesor de la Secretar\u00eda de Salud, y se ofrecieron diversas<br \/>\nactividades en el Gimnasio Multidisciplinario del Campus Victoria, mediante m\u00f3dulos interactivos y<br \/>\nR-AP-01-34-01 Ver. 2<br \/>\nACT. 19\/07\/2024<br \/>\ntalleres informativos relacionados con nutrici\u00f3n, actividad f\u00edsica, salud emocional, autocuidado,<br \/>\nsalud preventiva y orientaci\u00f3n sexual saludable, entre otros temas.<\/p>\n","protected":false},"excerpt":{"rendered":"La Universidad Aut\u00f3noma de Tamaulipas (UAT), en coordinaci\u00f3n con el Gobierno del Estado a trav\u00e9s de la Secretar\u00eda de Salud, puso en marcha el programa \u201cEstilos de Vida que Inspiran y Transforman\u201d, enfocado en motivar a las y los estudiantes a adoptar h\u00e1bitos saludables, conscientes y sostenibles que impacten positivamente en su vida acad\u00e9mica y","protected":false},"author":1,"featured_media":3447,"comment_status":"open","ping_status":"open","sticky":false,"template":"","format":"standard","meta":{"_monsterinsights_skip_tracking":false,"_monsterinsights_sitenote_active":false,"_monsterinsights_sitenote_note":"","_monsterinsights_sitenote_category":0,"footnotes":""},"categories":[3],"tags":[],"class_list":["post-3446","post","type-post","status-publish","format-standard","has-post-thumbnail","hentry","category-noticias"],"aioseo_notices":[],"amp_enabled":true,"_links":{"self":[{"href":"https:\/\/tamaulipasmiregion.com\/index.php?rest_route=\/wp\/v2\/posts\/3446","targetHints":{"allow":["GET"]}}],"collection":[{"href":"https:\/\/tamaulipasmiregion.com\/index.php?rest_route=\/wp\/v2\/posts"}],"about":[{"href":"https:\/\/tamaulipasmiregion.com\/index.php?rest_route=\/wp\/v2\/types\/post"}],"author":[{"embeddable":true,"href":"https:\/\/tamaulipasmiregion.com\/index.php?rest_route=\/wp\/v2\/users\/1"}],"replies":[{"embeddable":true,"href":"https:\/\/tamaulipasmiregion.com\/index.php?rest_route=%2Fwp%2Fv2%2Fcomments&post=3446"}],"version-history":[{"count":1,"href":"https:\/\/tamaulipasmiregion.com\/index.php?rest_route=\/wp\/v2\/posts\/3446\/revisions"}],"predecessor-version":[{"id":3448,"href":"https:\/\/tamaulipasmiregion.com\/index.php?rest_route=\/wp\/v2\/posts\/3446\/revisions\/3448"}],"wp:featuredmedia":[{"embeddable":true,"href":"https:\/\/tamaulipasmiregion.com\/index.php?rest_route=\/wp\/v2\/media\/3447"}],"wp:attachment":[{"href":"https:\/\/tamaulipasmiregion.com\/index.php?rest_route=%2Fwp%2Fv2%2Fmedia&parent=3446"}],"wp:term":[{"taxonomy":"category","embeddable":true,"href":"https:\/\/tamaulipasmiregion.com\/index.php?rest_route=%2Fwp%2Fv2%2Fcategories&post=3446"},{"taxonomy":"post_tag","embeddable":true,"href":"https:\/\/tamaulipasmiregion.com\/index.php?rest_route=%2Fwp%2Fv2%2Ftags&post=3446"}],"curies":[{"name":"wp","href":"https:\/\/api.w.org\/{rel}","templated":true}]}}