{"id":3452,"date":"2025-05-10T19:14:18","date_gmt":"2025-05-10T19:14:18","guid":{"rendered":"https:\/\/tamaulipasmiregion.com\/?p=3452"},"modified":"2025-07-03T19:15:33","modified_gmt":"2025-07-03T19:15:33","slug":"destaca-estudiante-de-la-uat-en-olimpiada-nacional-de-matematicas","status":"publish","type":"post","link":"https:\/\/tamaulipasmiregion.com\/?p=3452","title":{"rendered":"Destaca estudiante de la UAT en Olimpiada Nacional de Matem\u00e1ticas"},"content":{"rendered":"<p>La estudiante de la Universidad Aut\u00f3noma de Tamaulipas (UAT), Mar\u00eda Jos\u00e9 Res\u00e9ndez Dimas, tuvo una destacada participaci\u00f3n en la XXV Olimpiada Nacional de Matem\u00e1ticas, que se realiz\u00f3 en Cholula, Puebla.<br \/>\nA trav\u00e9s de sus redes sociales, el rector de la UAT, D\u00e1maso Anaya Alvarado, felicit\u00f3 a Mar\u00eda Jos\u00e9, alumna del segundo semestre de la Escuela Preparatoria Mante, por su excelente rendimiento acad\u00e9mico que le permiti\u00f3 obtener la medalla de bronce en esta competencia nacional.<br \/>\nLa estudiante del bachillerato la UAT form\u00f3 parte de la delegaci\u00f3n Tamaulipas que obtuvo dos medallas de oro, dos de plata y siete de bronce.<br \/>\nCabe se\u00f1alar que la Olimpiada Nacional de Matem\u00e1ticas tiene como prop\u00f3sito promover el estudio de esta disciplina en forma creativa y desarrollar el razonamiento y la imaginaci\u00f3n de ni\u00f1os y j\u00f3venes.<br \/>\nEn la edici\u00f3n de este concurso, el m\u00e1s importante en nuestro pa\u00eds en el \u00e1rea de las matem\u00e1ticas, se cont\u00f3 con la participaci\u00f3n de 190 alumnos de diferentes instituciones educativas de M\u00e9xico.<br \/>\nCabe destacar que, con el respaldo de la administraci\u00f3n del rector D\u00e1maso Anaya Alvarado, este a\u00f1o la UAT fue sede de la fase local y estatal de la Olimpiada Mexicana de Matem\u00e1ticas, que se realiz\u00f3 el 28 de febrero y el 14 de marzo, en coordinaci\u00f3n con la Secretar\u00eda de Educaci\u00f3n de Tamaulipas y la Asociaci\u00f3n de Profesores de Matem\u00e1ticas.<br \/>\nCon estos proyectos la Universidad da seguimiento a las pol\u00edticas de promoci\u00f3n para la formaci\u00f3n integral de la juventud tamaulipeca.<\/p>\n","protected":false},"excerpt":{"rendered":"La estudiante de la Universidad Aut\u00f3noma de Tamaulipas (UAT), Mar\u00eda Jos\u00e9 Res\u00e9ndez Dimas, tuvo una destacada participaci\u00f3n en la XXV Olimpiada Nacional de Matem\u00e1ticas, que se realiz\u00f3 en Cholula, Puebla. A trav\u00e9s de sus redes sociales, el rector de la UAT, D\u00e1maso Anaya Alvarado, felicit\u00f3 a Mar\u00eda Jos\u00e9, alumna del segundo semestre de la Escuela","protected":false},"author":1,"featured_media":3453,"comment_status":"open","ping_status":"open","sticky":false,"template":"","format":"standard","meta":{"_monsterinsights_skip_tracking":false,"_monsterinsights_sitenote_active":false,"_monsterinsights_sitenote_note":"","_monsterinsights_sitenote_category":0,"footnotes":""},"categories":[3],"tags":[],"class_list":["post-3452","post","type-post","status-publish","format-standard","has-post-thumbnail","hentry","category-noticias"],"aioseo_notices":[],"amp_enabled":true,"_links":{"self":[{"href":"https:\/\/tamaulipasmiregion.com\/index.php?rest_route=\/wp\/v2\/posts\/3452","targetHints":{"allow":["GET"]}}],"collection":[{"href":"https:\/\/tamaulipasmiregion.com\/index.php?rest_route=\/wp\/v2\/posts"}],"about":[{"href":"https:\/\/tamaulipasmiregion.com\/index.php?rest_route=\/wp\/v2\/types\/post"}],"author":[{"embeddable":true,"href":"https:\/\/tamaulipasmiregion.com\/index.php?rest_route=\/wp\/v2\/users\/1"}],"replies":[{"embeddable":true,"href":"https:\/\/tamaulipasmiregion.com\/index.php?rest_route=%2Fwp%2Fv2%2Fcomments&post=3452"}],"version-history":[{"count":1,"href":"https:\/\/tamaulipasmiregion.com\/index.php?rest_route=\/wp\/v2\/posts\/3452\/revisions"}],"predecessor-version":[{"id":3454,"href":"https:\/\/tamaulipasmiregion.com\/index.php?rest_route=\/wp\/v2\/posts\/3452\/revisions\/3454"}],"wp:featuredmedia":[{"embeddable":true,"href":"https:\/\/tamaulipasmiregion.com\/index.php?rest_route=\/wp\/v2\/media\/3453"}],"wp:attachment":[{"href":"https:\/\/tamaulipasmiregion.com\/index.php?rest_route=%2Fwp%2Fv2%2Fmedia&parent=3452"}],"wp:term":[{"taxonomy":"category","embeddable":true,"href":"https:\/\/tamaulipasmiregion.com\/index.php?rest_route=%2Fwp%2Fv2%2Fcategories&post=3452"},{"taxonomy":"post_tag","embeddable":true,"href":"https:\/\/tamaulipasmiregion.com\/index.php?rest_route=%2Fwp%2Fv2%2Ftags&post=3452"}],"curies":[{"name":"wp","href":"https:\/\/api.w.org\/{rel}","templated":true}]}}