{"id":3470,"date":"2025-05-16T19:41:14","date_gmt":"2025-05-16T19:41:14","guid":{"rendered":"https:\/\/tamaulipasmiregion.com\/?p=3470"},"modified":"2025-07-03T19:51:23","modified_gmt":"2025-07-03T19:51:23","slug":"entrega-la-uat-becas-de-excelencia-y-labor-humanista-a-sus-estudiantes","status":"publish","type":"post","link":"https:\/\/tamaulipasmiregion.com\/?p=3470","title":{"rendered":"Entrega la UAT becas de excelencia y labor humanista a sus estudiantes"},"content":{"rendered":"<p>La Universidad Aut\u00f3noma de Tamaulipas (UAT) reafirm\u00f3 su compromiso con la formaci\u00f3n integral y el respaldo a sus estudiantes al entregar un total de 607 becas de Excelencia, Desempe\u00f1o Acad\u00e9mico y Labor Humanista.<br \/>\nEste acto emblem\u00e1tico se llev\u00f3 a cabo en el Centro Universitario Victoria y, simult\u00e1neamente, por videoconferencia en las facultades y unidades acad\u00e9micas de las zonas norte y sur del estado.<br \/>\nMediante la gesti\u00f3n del rector D\u00e1maso Anaya Alvarado, estos est\u00edmulos econ\u00f3micos representan un reconocimiento tangible al esfuerzo, dedicaci\u00f3n y compromiso social de las y los j\u00f3venes universitarios que se han destacado por su rendimiento acad\u00e9mico y su vocaci\u00f3n de servicio a la comunidad.<br \/>\nLa UAT consolida as\u00ed un respaldo s\u00f3lido para el desarrollo profesional y humano de sus estudiantes, impulsando la excelencia y los valores humanistas como ejes fundamentales de su formaci\u00f3n.<br \/>\nEn representaci\u00f3n del rector D\u00e1maso Anaya Alvarado, la secretaria de Gesti\u00f3n Escolar de la UAT, Alma Amalia Hern\u00e1ndez Ilizaliturri, destac\u00f3 que estos apoyos son un reconocimiento al esfuerzo, la dedicaci\u00f3n y la vocaci\u00f3n de servicio que distinguen a los beneficiarios, adem\u00e1s de ser un incentivo para continuar en la senda del \u00e9xito acad\u00e9mico y la contribuci\u00f3n social.<br \/>\nDe forma paralela, en cada campus, facultad y unidad acad\u00e9mica, directores y directoras hicieron entrega formal y personalizada de las becas, asegurando que cada beneficiario recibiera su est\u00edmulo en el horario y lugar previamente asignado.<br \/>\nCon esta entrega, la Universidad Aut\u00f3noma de Tamaulipas contin\u00faa fortaleciendo su misi\u00f3n de formar profesionistas \u00edntegros, capaces de contribuir a la sociedad no solo con conocimientos t\u00e9cnicos, sino tambi\u00e9n con valores \u00e9ticos y humanistas que promueven el bienestar colectivo en Tamaulipas y M\u00e9xico.<br \/>\nEn la ceremonia, se cont\u00f3 con la participaci\u00f3n del diputado local Armando Zertuche Zuani, quien asisti\u00f3 como invitado a disertar la conferencia magistral \u201cLiderazgo y Humanismo\u201d, donde invit\u00f3 a los estudiantes a reflexionar sobre la trascendencia de un liderazgo que no solo busque el \u00e9xito individual, sino que deje una huella positiva y duradera en la familia y en la comunidad.<\/p>\n","protected":false},"excerpt":{"rendered":"La Universidad Aut\u00f3noma de Tamaulipas (UAT) reafirm\u00f3 su compromiso con la formaci\u00f3n integral y el respaldo a sus estudiantes al entregar un total de 607 becas de Excelencia, Desempe\u00f1o Acad\u00e9mico y Labor Humanista. Este acto emblem\u00e1tico se llev\u00f3 a cabo en el Centro Universitario Victoria y, simult\u00e1neamente, por videoconferencia en las facultades y unidades acad\u00e9micas","protected":false},"author":1,"featured_media":3471,"comment_status":"open","ping_status":"open","sticky":false,"template":"","format":"standard","meta":{"_monsterinsights_skip_tracking":false,"_monsterinsights_sitenote_active":false,"_monsterinsights_sitenote_note":"","_monsterinsights_sitenote_category":0,"footnotes":""},"categories":[3],"tags":[],"class_list":["post-3470","post","type-post","status-publish","format-standard","has-post-thumbnail","hentry","category-noticias"],"aioseo_notices":[],"amp_enabled":true,"_links":{"self":[{"href":"https:\/\/tamaulipasmiregion.com\/index.php?rest_route=\/wp\/v2\/posts\/3470","targetHints":{"allow":["GET"]}}],"collection":[{"href":"https:\/\/tamaulipasmiregion.com\/index.php?rest_route=\/wp\/v2\/posts"}],"about":[{"href":"https:\/\/tamaulipasmiregion.com\/index.php?rest_route=\/wp\/v2\/types\/post"}],"author":[{"embeddable":true,"href":"https:\/\/tamaulipasmiregion.com\/index.php?rest_route=\/wp\/v2\/users\/1"}],"replies":[{"embeddable":true,"href":"https:\/\/tamaulipasmiregion.com\/index.php?rest_route=%2Fwp%2Fv2%2Fcomments&post=3470"}],"version-history":[{"count":1,"href":"https:\/\/tamaulipasmiregion.com\/index.php?rest_route=\/wp\/v2\/posts\/3470\/revisions"}],"predecessor-version":[{"id":3472,"href":"https:\/\/tamaulipasmiregion.com\/index.php?rest_route=\/wp\/v2\/posts\/3470\/revisions\/3472"}],"wp:featuredmedia":[{"embeddable":true,"href":"https:\/\/tamaulipasmiregion.com\/index.php?rest_route=\/wp\/v2\/media\/3471"}],"wp:attachment":[{"href":"https:\/\/tamaulipasmiregion.com\/index.php?rest_route=%2Fwp%2Fv2%2Fmedia&parent=3470"}],"wp:term":[{"taxonomy":"category","embeddable":true,"href":"https:\/\/tamaulipasmiregion.com\/index.php?rest_route=%2Fwp%2Fv2%2Fcategories&post=3470"},{"taxonomy":"post_tag","embeddable":true,"href":"https:\/\/tamaulipasmiregion.com\/index.php?rest_route=%2Fwp%2Fv2%2Ftags&post=3470"}],"curies":[{"name":"wp","href":"https:\/\/api.w.org\/{rel}","templated":true}]}}