{"id":3474,"date":"2025-05-17T19:47:25","date_gmt":"2025-05-17T19:47:25","guid":{"rendered":"https:\/\/tamaulipasmiregion.com\/?p=3474"},"modified":"2025-07-03T19:49:41","modified_gmt":"2025-07-03T19:49:41","slug":"realiza-la-uat-con-exito-el-concurso-estatal-de-oratoria-2025","status":"publish","type":"post","link":"https:\/\/tamaulipasmiregion.com\/?p=3474","title":{"rendered":"Realiza la UAT con \u00e9xito el Concurso Estatal de Oratoria 2025"},"content":{"rendered":"<p>Con gran participaci\u00f3n y talento, estudiantes de distintas facultades de la Universidad Aut\u00f3noma de Tamaulipas demostraron su capacidad argumentativa, elocuencia y compromiso social en este importante certamen acad\u00e9mico.<\/p>\n<p>La Universidad Aut\u00f3noma de Tamaulipas (UAT) celebr\u00f3 con gran \u00e9xito el Concurso Estatal de Oratoria Universitario, teniendo como sede la Facultad de Derecho y Ciencias Sociales (FADYCS) del Campus Sur.<br \/>\nEste importante encuentro acad\u00e9mico congreg\u00f3 a estudiantes de la UAT provenientes de los campus de Reynosa, Nuevo Laredo, Ciudad Victoria y Tampico, quienes pusieron de manifiesto su dominio esc\u00e9nico y habilidades en expresi\u00f3n oral, abordando temas de relevancia acad\u00e9mica y social con claridad, sensibilidad y pensamiento cr\u00edtico.<br \/>\nEl jurado calificador, integrado por especialistas en comunicaci\u00f3n, oratoria y argumentaci\u00f3n, evalu\u00f3 a cerca de 30 participantes, destacando el alto nivel acad\u00e9mico y la preparaci\u00f3n integral de las y los representantes de cada facultad.<br \/>\nDurante la ceremonia de clausura, la directora de la FADYCS, Elda Ruth De Los Reyes Villarreal, acompa\u00f1ada de la responsable del evento, Gracia Elena Medina L\u00f3pez, encabez\u00f3 la entrega de reconocimientos y premios a los primeros lugares del certamen.<br \/>\nLos tres primeros lugares fueron ocupados por talentosas estudiantes de la Licenciatura en Derecho de la Facultad de Comercio, Administraci\u00f3n y Ciencias Sociales (FCACS) de Nuevo Laredo: el primer lugar fue para Cynthia Nayeli Arriaga V\u00e1zquez; el segundo, para Melannie Dayan Olvera Rosales; y el tercero, para Mariana Rodr\u00edguez M\u00e9ndez.<br \/>\nEste logro representa un motivo de gran orgullo, al destacar el nivel de preparaci\u00f3n y el compromiso de sus estudiantes.<br \/>\nCabe destacar que esta justa acad\u00e9mica tambi\u00e9n funge como etapa preliminar rumbo al Concurso Nacional de Oratoria Universitario, que se llevar\u00e1 a cabo el pr\u00f3ximo mes de noviembre, teniendo como sede la propia Universidad Aut\u00f3noma de Tamaulipas, donde las ganadoras estatales tendr\u00e1n la oportunidad de representar a la UAT a nivel nacional, llevando con ellas la voz, talento y pasi\u00f3n de toda una comunidad universitaria.<\/p>\n","protected":false},"excerpt":{"rendered":"Con gran participaci\u00f3n y talento, estudiantes de distintas facultades de la Universidad Aut\u00f3noma de Tamaulipas demostraron su capacidad argumentativa, elocuencia y compromiso social en este importante certamen acad\u00e9mico. La Universidad Aut\u00f3noma de Tamaulipas (UAT) celebr\u00f3 con gran \u00e9xito el Concurso Estatal de Oratoria Universitario, teniendo como sede la Facultad de Derecho y Ciencias Sociales (FADYCS)","protected":false},"author":1,"featured_media":3475,"comment_status":"open","ping_status":"open","sticky":false,"template":"","format":"standard","meta":{"_monsterinsights_skip_tracking":false,"_monsterinsights_sitenote_active":false,"_monsterinsights_sitenote_note":"","_monsterinsights_sitenote_category":0,"footnotes":""},"categories":[3],"tags":[],"class_list":["post-3474","post","type-post","status-publish","format-standard","has-post-thumbnail","hentry","category-noticias"],"aioseo_notices":[],"amp_enabled":true,"_links":{"self":[{"href":"https:\/\/tamaulipasmiregion.com\/index.php?rest_route=\/wp\/v2\/posts\/3474","targetHints":{"allow":["GET"]}}],"collection":[{"href":"https:\/\/tamaulipasmiregion.com\/index.php?rest_route=\/wp\/v2\/posts"}],"about":[{"href":"https:\/\/tamaulipasmiregion.com\/index.php?rest_route=\/wp\/v2\/types\/post"}],"author":[{"embeddable":true,"href":"https:\/\/tamaulipasmiregion.com\/index.php?rest_route=\/wp\/v2\/users\/1"}],"replies":[{"embeddable":true,"href":"https:\/\/tamaulipasmiregion.com\/index.php?rest_route=%2Fwp%2Fv2%2Fcomments&post=3474"}],"version-history":[{"count":1,"href":"https:\/\/tamaulipasmiregion.com\/index.php?rest_route=\/wp\/v2\/posts\/3474\/revisions"}],"predecessor-version":[{"id":3476,"href":"https:\/\/tamaulipasmiregion.com\/index.php?rest_route=\/wp\/v2\/posts\/3474\/revisions\/3476"}],"wp:featuredmedia":[{"embeddable":true,"href":"https:\/\/tamaulipasmiregion.com\/index.php?rest_route=\/wp\/v2\/media\/3475"}],"wp:attachment":[{"href":"https:\/\/tamaulipasmiregion.com\/index.php?rest_route=%2Fwp%2Fv2%2Fmedia&parent=3474"}],"wp:term":[{"taxonomy":"category","embeddable":true,"href":"https:\/\/tamaulipasmiregion.com\/index.php?rest_route=%2Fwp%2Fv2%2Fcategories&post=3474"},{"taxonomy":"post_tag","embeddable":true,"href":"https:\/\/tamaulipasmiregion.com\/index.php?rest_route=%2Fwp%2Fv2%2Ftags&post=3474"}],"curies":[{"name":"wp","href":"https:\/\/api.w.org\/{rel}","templated":true}]}}