{"id":3508,"date":"2025-05-26T22:05:31","date_gmt":"2025-05-26T22:05:31","guid":{"rendered":"https:\/\/tamaulipasmiregion.com\/?p=3508"},"modified":"2025-07-06T22:06:41","modified_gmt":"2025-07-06T22:06:41","slug":"anuncia-la-uat-proceso-de-reinscripciones-para-el-ciclo-de-verano-2025","status":"publish","type":"post","link":"https:\/\/tamaulipasmiregion.com\/?p=3508","title":{"rendered":"Anuncia la UAT proceso de reinscripciones para el ciclo de verano 2025"},"content":{"rendered":"<p>La Universidad Aut\u00f3noma de Tamaulipas (UAT) dio a conocer que a partir del 29 de mayo dar\u00e1 inicio el proceso de reinscripciones correspondiente al ciclo escolar Verano 2025 (2025-2), con el objetivo de brindar a las y los estudiantes la oportunidad de avanzar en su trayectoria acad\u00e9mica durante este periodo intersemestral.<br \/>\nEl periodo de reinscripci\u00f3n permanecer\u00e1 abierto hasta el 6 de junio, y podr\u00e1 realizarse a trav\u00e9s de los canales institucionales de la UAT y sus respectivas dependencias acad\u00e9micas.<br \/>\nEn seguimiento a las directrices de fortalecimiento acad\u00e9mico impulsadas por el rector D\u00e1maso Anaya Alvarado, este ciclo de verano ha sido dise\u00f1ado como una alternativa flexible, permitiendo a la comunidad estudiantil regularizar materias o adelantar contenidos curriculares, de manera eficiente y acorde a sus necesidades.<br \/>\nDe acuerdo con el calendario escolar-administrativo oficial, el periodo de clases del ciclo Verano 2025 dar\u00e1 inicio el pr\u00f3ximo lunes 2 de junio. Entre las fechas relevantes se contempla del 9 al 13 de junio para altas y bajas de materias; el 16 de junio como l\u00edmite para la realizaci\u00f3n de pagos; y los d\u00edas 16 y 17 de julio para las evaluaciones finales ordinarias. El cierre oficial del ciclo de verano ser\u00e1 el 18 de julio, con la entrega de actas de evaluaci\u00f3n.<br \/>\nEste anuncio se emite tras la conclusi\u00f3n del ciclo Primavera 2025, el cual finaliz\u00f3 el pasado 16 de mayo. Las evaluaciones extraordinarias se llevaron a cabo entre el 19 y el 23 de mayo, marcando as\u00ed un cierre del periodo anterior y la transici\u00f3n hacia el nuevo ciclo acad\u00e9mico.<br \/>\nDe forma paralela, la UAT desarrolla tambi\u00e9n los procesos de admisi\u00f3n para el ciclo Oto\u00f1o 2025. En ese contexto, se tiene programada la cuarta aplicaci\u00f3n del examen de admisi\u00f3n EXANI-II del CENEVAL para el 15 de julio, sum\u00e1ndose a las tres aplicaciones previas realizadas.<br \/>\nEn lo que corresponde al per\u00edodo Oto\u00f1o 2025, se ha ampliado el plazo de registro para aspirantes hasta el 20 de junio.<br \/>\nLa UAT invita a su comunidad estudiantil para que se mantenga atenta a los canales oficiales de la instituci\u00f3n, as\u00ed como a las p\u00e1ginas de sus facultades, unidades acad\u00e9micas y escuelas, para consultar informaci\u00f3n actualizada sobre procedimientos, requisitos, horarios y oferta acad\u00e9mica disponible para cada uno de los ciclos escolares.<\/p>\n","protected":false},"excerpt":{"rendered":"La Universidad Aut\u00f3noma de Tamaulipas (UAT) dio a conocer que a partir del 29 de mayo dar\u00e1 inicio el proceso de reinscripciones correspondiente al ciclo escolar Verano 2025 (2025-2), con el objetivo de brindar a las y los estudiantes la oportunidad de avanzar en su trayectoria acad\u00e9mica durante este periodo intersemestral. El periodo de reinscripci\u00f3n","protected":false},"author":1,"featured_media":3509,"comment_status":"open","ping_status":"open","sticky":false,"template":"","format":"standard","meta":{"_monsterinsights_skip_tracking":false,"_monsterinsights_sitenote_active":false,"_monsterinsights_sitenote_note":"","_monsterinsights_sitenote_category":0,"footnotes":""},"categories":[3],"tags":[],"class_list":["post-3508","post","type-post","status-publish","format-standard","has-post-thumbnail","hentry","category-noticias"],"aioseo_notices":[],"amp_enabled":true,"_links":{"self":[{"href":"https:\/\/tamaulipasmiregion.com\/index.php?rest_route=\/wp\/v2\/posts\/3508","targetHints":{"allow":["GET"]}}],"collection":[{"href":"https:\/\/tamaulipasmiregion.com\/index.php?rest_route=\/wp\/v2\/posts"}],"about":[{"href":"https:\/\/tamaulipasmiregion.com\/index.php?rest_route=\/wp\/v2\/types\/post"}],"author":[{"embeddable":true,"href":"https:\/\/tamaulipasmiregion.com\/index.php?rest_route=\/wp\/v2\/users\/1"}],"replies":[{"embeddable":true,"href":"https:\/\/tamaulipasmiregion.com\/index.php?rest_route=%2Fwp%2Fv2%2Fcomments&post=3508"}],"version-history":[{"count":2,"href":"https:\/\/tamaulipasmiregion.com\/index.php?rest_route=\/wp\/v2\/posts\/3508\/revisions"}],"predecessor-version":[{"id":3511,"href":"https:\/\/tamaulipasmiregion.com\/index.php?rest_route=\/wp\/v2\/posts\/3508\/revisions\/3511"}],"wp:featuredmedia":[{"embeddable":true,"href":"https:\/\/tamaulipasmiregion.com\/index.php?rest_route=\/wp\/v2\/media\/3509"}],"wp:attachment":[{"href":"https:\/\/tamaulipasmiregion.com\/index.php?rest_route=%2Fwp%2Fv2%2Fmedia&parent=3508"}],"wp:term":[{"taxonomy":"category","embeddable":true,"href":"https:\/\/tamaulipasmiregion.com\/index.php?rest_route=%2Fwp%2Fv2%2Fcategories&post=3508"},{"taxonomy":"post_tag","embeddable":true,"href":"https:\/\/tamaulipasmiregion.com\/index.php?rest_route=%2Fwp%2Fv2%2Ftags&post=3508"}],"curies":[{"name":"wp","href":"https:\/\/api.w.org\/{rel}","templated":true}]}}