{"id":3566,"date":"2025-08-03T18:42:23","date_gmt":"2025-08-03T18:42:23","guid":{"rendered":"https:\/\/tamaulipasmiregion.com\/?p=3566"},"modified":"2025-08-11T18:43:48","modified_gmt":"2025-08-11T18:43:48","slug":"reanuda-la-uat-labor-administrativa","status":"publish","type":"post","link":"https:\/\/tamaulipasmiregion.com\/?p=3566","title":{"rendered":"Reanuda la UAT labor administrativa"},"content":{"rendered":"<p> Las \u00e1reas de la rector\u00eda y las dependencias universitarias en todos los campus regresan<br \/>\neste lunes a sus actividades administrativas; las clases del ciclo escolar de la UAT 2025-3<br \/>\n(per\u00edodo de Oto\u00f1o) dar\u00e1n inicio el pr\u00f3ximo lunes 11 de agosto.<br \/>\nLuego de concluir el per\u00edodo vacacional de verano, la Universidad Aut\u00f3noma de Tamaulipas (UAT)<br \/>\nreanuda, este lunes 4 de agosto, las actividades administrativas en todas las oficinas dependientes<br \/>\nde la rector\u00eda, as\u00ed como en las facultades, unidades acad\u00e9micas y escuelas con la finalidad de<br \/>\npreparar el inicio del pr\u00f3ximo ciclo escolar universitario 2025-3.<br \/>\nDe acuerdo con el calendario escolar\/administrativo de la UAT, el periodo de inscripciones y<br \/>\nreinscripciones se desarrollar\u00e1 del 5 al 18 de agosto; mientras que las clases comenzar\u00e1n el lunes 11<br \/>\nde agosto, concluyendo el pr\u00f3ximo 28 de noviembre.<br \/>\nAsimismo, se recuerda a la comunidad estudiantil que la fecha l\u00edmite para la realizaci\u00f3n de pagos de<br \/>\ninscripciones ser\u00e1 el 1 de septiembre de 2025, cuyo procedimiento se lleva a cabo mediante el<br \/>\nsistema de pagos en l\u00ednea, con acceso a trav\u00e9s del portal oficial www.uat.edu.mx, sin necesidad de<br \/>\nhacer filas en bancos u otras dependencias.<br \/>\nDe igual manera, todas las personas aspirantes que participaron en el proceso de admisi\u00f3n al<br \/>\nperiodo de oto\u00f1o deber\u00e1n mantenerse atentas a las indicaciones que emitan sus respectivas<br \/>\nfacultades y unidades acad\u00e9micas para la consulta de resultados y los tr\u00e1mites de inscripci\u00f3n a fin<br \/>\nde integrarse en tiempo y forma a las actividades acad\u00e9micas.<br \/>\nCabe destacar que, en este nuevo periodo escolar, se pondr\u00e1n en marcha trece nuevos programas<br \/>\nacad\u00e9micos que forman parte del fortalecimiento y expansi\u00f3n de la oferta educativa que impulsa el<br \/>\nrector de la UAT, D\u00e1maso Anaya Alvarado, con carreras de alta pertinencia social y cient\u00edfica, entre<br \/>\nlas que se encuentran: Ingenier\u00eda en Ciencia de Datos e Inteligencia Artificial, Ingenier\u00eda Biom\u00e9dica,<br \/>\nR-AP-01-34-01 Ver. 2<br \/>\nACT. 19\/07\/2024<br \/>\nDesarrollo Sostenible, Ciencias Aplicadas al Deporte y Ejercicio, Atenci\u00f3n Profesional de la Salud y<br \/>\nAutotransporte de Carga.<br \/>\nY, como parte tambi\u00e9n de su estrategia para garantizar el acceso equitativo a la educaci\u00f3n superior,<br \/>\nse ponen en operaci\u00f3n trece nuevas unidades de transporte universitario gratuito al servicio de las<br \/>\ny los estudiantes de los planteles universitarios distribuidos en las zonas centro, norte y sur del<br \/>\nestado.<br \/>\nEstas unidades cubrir\u00e1n rutas espec\u00edficas que faciliten el traslado seguro, moderno y accesible de la<br \/>\ncomunidad estudiantil hacia sus espacios acad\u00e9micos, priorizando las zonas de mayor concentraci\u00f3n<br \/>\ny demanda estudiantil.<\/p>\n","protected":false},"excerpt":{"rendered":"Las \u00e1reas de la rector\u00eda y las dependencias universitarias en todos los campus regresan este lunes a sus actividades administrativas; las clases del ciclo escolar de la UAT 2025-3 (per\u00edodo de Oto\u00f1o) dar\u00e1n inicio el pr\u00f3ximo lunes 11 de agosto. Luego de concluir el per\u00edodo vacacional de verano, la Universidad Aut\u00f3noma de Tamaulipas (UAT) reanuda,","protected":false},"author":1,"featured_media":3567,"comment_status":"open","ping_status":"open","sticky":false,"template":"","format":"standard","meta":{"_monsterinsights_skip_tracking":false,"_monsterinsights_sitenote_active":false,"_monsterinsights_sitenote_note":"","_monsterinsights_sitenote_category":0,"footnotes":""},"categories":[3],"tags":[],"class_list":["post-3566","post","type-post","status-publish","format-standard","has-post-thumbnail","hentry","category-noticias"],"aioseo_notices":[],"amp_enabled":true,"_links":{"self":[{"href":"https:\/\/tamaulipasmiregion.com\/index.php?rest_route=\/wp\/v2\/posts\/3566","targetHints":{"allow":["GET"]}}],"collection":[{"href":"https:\/\/tamaulipasmiregion.com\/index.php?rest_route=\/wp\/v2\/posts"}],"about":[{"href":"https:\/\/tamaulipasmiregion.com\/index.php?rest_route=\/wp\/v2\/types\/post"}],"author":[{"embeddable":true,"href":"https:\/\/tamaulipasmiregion.com\/index.php?rest_route=\/wp\/v2\/users\/1"}],"replies":[{"embeddable":true,"href":"https:\/\/tamaulipasmiregion.com\/index.php?rest_route=%2Fwp%2Fv2%2Fcomments&post=3566"}],"version-history":[{"count":1,"href":"https:\/\/tamaulipasmiregion.com\/index.php?rest_route=\/wp\/v2\/posts\/3566\/revisions"}],"predecessor-version":[{"id":3568,"href":"https:\/\/tamaulipasmiregion.com\/index.php?rest_route=\/wp\/v2\/posts\/3566\/revisions\/3568"}],"wp:featuredmedia":[{"embeddable":true,"href":"https:\/\/tamaulipasmiregion.com\/index.php?rest_route=\/wp\/v2\/media\/3567"}],"wp:attachment":[{"href":"https:\/\/tamaulipasmiregion.com\/index.php?rest_route=%2Fwp%2Fv2%2Fmedia&parent=3566"}],"wp:term":[{"taxonomy":"category","embeddable":true,"href":"https:\/\/tamaulipasmiregion.com\/index.php?rest_route=%2Fwp%2Fv2%2Fcategories&post=3566"},{"taxonomy":"post_tag","embeddable":true,"href":"https:\/\/tamaulipasmiregion.com\/index.php?rest_route=%2Fwp%2Fv2%2Ftags&post=3566"}],"curies":[{"name":"wp","href":"https:\/\/api.w.org\/{rel}","templated":true}]}}