{"id":3570,"date":"2025-08-04T15:45:07","date_gmt":"2025-08-04T15:45:07","guid":{"rendered":"https:\/\/tamaulipasmiregion.com\/?p=3570"},"modified":"2025-08-12T15:45:41","modified_gmt":"2025-08-12T15:45:41","slug":"llama-rector-a-su-gabinete-a-redoblar-esfuerzos","status":"publish","type":"post","link":"https:\/\/tamaulipasmiregion.com\/?p=3570","title":{"rendered":"Llama rector a su gabinete a redoblar esfuerzos"},"content":{"rendered":"<p>D\u00e1maso Anaya se reuni\u00f3 con titulares de las secretar\u00edas y dependencias de la<br \/>\nadministraci\u00f3n central de la UAT para afinar detalles de la planeaci\u00f3n acad\u00e9mica y<br \/>\noperativa previo al arranque del per\u00edodo de clases Oto\u00f1o 2025.<br \/>\nEn el marco de los preparativos para el arranque del ciclo Oto\u00f1o 2025-3, el rector de la Universidad<br \/>\nAut\u00f3noma de Tamaulipas (UAT), D\u00e1maso Anaya Alvarado, presidi\u00f3 este lunes una reuni\u00f3n de<br \/>\ntrabajo con titulares de las secretar\u00edas y dependencias que integran el gabinete de la administraci\u00f3n<br \/>\ncentral, con el fin de revisar los avances en la planeaci\u00f3n acad\u00e9mica y operativa, adem\u00e1s de<br \/>\nconvocar a redoblar esfuerzos con el prop\u00f3sito de garantizar la calidad y eficiencia en cada etapa<br \/>\ndel pr\u00f3ximo periodo escolar.<br \/>\nDurante el encuentro se abordaron temas relacionados con el inicio de clases programado para el<br \/>\npr\u00f3ximo lunes 11 de agosto, as\u00ed como el desarrollo del proceso de inscripciones y reinscripciones,<br \/>\nque se realiza del 5 al 18 de agosto.<br \/>\nEl rector D\u00e1maso Anaya enfatiz\u00f3 la importancia de mantener una coordinaci\u00f3n estrecha entre las<br \/>\ndistintas secretar\u00edas, direcciones y \u00e1reas operativas de la Universidad para asegurar que cada<br \/>\nproceso acad\u00e9mico y administrativo se realice con responsabilidad y oportunidad, fortaleciendo as\u00ed<br \/>\nla confianza de la comunidad universitaria.<br \/>\nDe igual manera, reiter\u00f3 el objetivo de brindar una atenci\u00f3n eficiente en la prestaci\u00f3n de los<br \/>\ndiferentes servicios universitarios, as\u00ed como el debido acompa\u00f1amiento a las y los estudiantes,<br \/>\nadem\u00e1s de mantener los canales de comunicaci\u00f3n abiertos y actualizados por parte de la rector\u00eda,<br \/>\nlas facultades, unidades acad\u00e9micas y escuelas preparatorias.<br \/>\nDurante la reuni\u00f3n se revisaron las condiciones generales de infraestructura, conectividad y<br \/>\nmovilidad universitaria, as\u00ed como los calendarios de actividades acad\u00e9micas, administrativas y de<br \/>\nservicios estudiantiles, con el prop\u00f3sito de asegurar un regreso a clases ordenado, funcional y<br \/>\nseguro en todas las sedes universitarias del estado.<br \/>\nR-AP-01-34-01 Ver. 2<br \/>\nACT. 19\/07\/2024<br \/>\nSe hizo un balance de las acciones recientes de la administraci\u00f3n rectoral, entre ellas, gestiones en<br \/>\nmateria de seguridad universitaria, vinculaci\u00f3n con sectores productivos y gubernamentales,<br \/>\npromoci\u00f3n de los derechos humanos, as\u00ed como la organizaci\u00f3n de eventos acad\u00e9micos, culturales y<br \/>\ndeportivos que han fortalecido la proyecci\u00f3n institucional de la Universidad en distintas regiones<br \/>\ndel estado.<br \/>\nEn ese contexto, se plante\u00f3 la organizaci\u00f3n de una serie de actividades institucionales durante la<br \/>\nsemana de inicio de clases, con el prop\u00f3sito de socializar los avances recientes de la Universidad en<br \/>\nmateria acad\u00e9mica, cient\u00edfica, tecnol\u00f3gica y de vinculaci\u00f3n social, fortaleciendo con ello el sentido<br \/>\nde identidad y pertenencia en la comunidad universitaria.<\/p>\n","protected":false},"excerpt":{"rendered":"D\u00e1maso Anaya se reuni\u00f3 con titulares de las secretar\u00edas y dependencias de la administraci\u00f3n central de la UAT para afinar detalles de la planeaci\u00f3n acad\u00e9mica y operativa previo al arranque del per\u00edodo de clases Oto\u00f1o 2025. En el marco de los preparativos para el arranque del ciclo Oto\u00f1o 2025-3, el rector de la Universidad Aut\u00f3noma","protected":false},"author":1,"featured_media":3571,"comment_status":"open","ping_status":"open","sticky":false,"template":"","format":"standard","meta":{"_monsterinsights_skip_tracking":false,"_monsterinsights_sitenote_active":false,"_monsterinsights_sitenote_note":"","_monsterinsights_sitenote_category":0,"footnotes":""},"categories":[3],"tags":[],"class_list":["post-3570","post","type-post","status-publish","format-standard","has-post-thumbnail","hentry","category-noticias"],"aioseo_notices":[],"amp_enabled":true,"_links":{"self":[{"href":"https:\/\/tamaulipasmiregion.com\/index.php?rest_route=\/wp\/v2\/posts\/3570","targetHints":{"allow":["GET"]}}],"collection":[{"href":"https:\/\/tamaulipasmiregion.com\/index.php?rest_route=\/wp\/v2\/posts"}],"about":[{"href":"https:\/\/tamaulipasmiregion.com\/index.php?rest_route=\/wp\/v2\/types\/post"}],"author":[{"embeddable":true,"href":"https:\/\/tamaulipasmiregion.com\/index.php?rest_route=\/wp\/v2\/users\/1"}],"replies":[{"embeddable":true,"href":"https:\/\/tamaulipasmiregion.com\/index.php?rest_route=%2Fwp%2Fv2%2Fcomments&post=3570"}],"version-history":[{"count":1,"href":"https:\/\/tamaulipasmiregion.com\/index.php?rest_route=\/wp\/v2\/posts\/3570\/revisions"}],"predecessor-version":[{"id":3572,"href":"https:\/\/tamaulipasmiregion.com\/index.php?rest_route=\/wp\/v2\/posts\/3570\/revisions\/3572"}],"wp:featuredmedia":[{"embeddable":true,"href":"https:\/\/tamaulipasmiregion.com\/index.php?rest_route=\/wp\/v2\/media\/3571"}],"wp:attachment":[{"href":"https:\/\/tamaulipasmiregion.com\/index.php?rest_route=%2Fwp%2Fv2%2Fmedia&parent=3570"}],"wp:term":[{"taxonomy":"category","embeddable":true,"href":"https:\/\/tamaulipasmiregion.com\/index.php?rest_route=%2Fwp%2Fv2%2Fcategories&post=3570"},{"taxonomy":"post_tag","embeddable":true,"href":"https:\/\/tamaulipasmiregion.com\/index.php?rest_route=%2Fwp%2Fv2%2Ftags&post=3570"}],"curies":[{"name":"wp","href":"https:\/\/api.w.org\/{rel}","templated":true}]}}