{"id":3581,"date":"2025-09-03T18:11:32","date_gmt":"2025-09-03T18:11:32","guid":{"rendered":"https:\/\/tamaulipasmiregion.com\/?p=3581"},"modified":"2025-09-12T18:12:53","modified_gmt":"2025-09-12T18:12:53","slug":"lanzan-el-programa-uat-en-vivo-en-el-centro-universitario-victoria","status":"publish","type":"post","link":"https:\/\/tamaulipasmiregion.com\/?p=3581","title":{"rendered":"Lanzan el programa \u201cUAT en Vivo\u201d en el Centro Universitario Victoria"},"content":{"rendered":"<p>La Universidad Aut\u00f3noma de Tamaulipas puso en marcha el programa \u201cUAT en Vivo\u201d, una estrategia<br \/>\nde comunicaci\u00f3n institucional que tiene como objetivo difundir el talento estudiantil y conectar el<br \/>\npotencial de sus facultades, unidades acad\u00e9micas y escuelas preparatorias con la comunidad<br \/>\nuniversitaria y la sociedad en general.<br \/>\nLa UAT, a trav\u00e9s de la Secretar\u00eda de Comunicaci\u00f3n y Difusi\u00f3n, lanz\u00f3, este mi\u00e9rcoles 3 de septiembre,<br \/>\nla primera transmisi\u00f3n del programa en sus plataformas y redes sociales desde las instalaciones de<br \/>\nla Facultad de Comercio y Administraci\u00f3n Victoria (FCAV), donde estudiantes, docentes y personal<br \/>\nadministrativo participaron activamente en la conducci\u00f3n, entrevistas y din\u00e1micas, lo que permiti\u00f3<br \/>\nproyectar la riqueza cultural, acad\u00e9mica y deportiva de este plantel universitario.<br \/>\nEl secretario de Comunicaci\u00f3n y Difusi\u00f3n, Manuel Mario Aguilar Gonz\u00e1lez, se\u00f1al\u00f3 que esta iniciativa<br \/>\nresponde a la instrucci\u00f3n del rector de la UAT, D\u00e1maso Anaya Alvarado, de mantener una<br \/>\npermanente interacci\u00f3n y contacto directo con estudiantes, docentes y personal universitario.<br \/>\nSubray\u00f3 que se trata de un ejercicio que acerca, a la comunidad acad\u00e9mica y estudiantil, las<br \/>\nherramientas de comunicaci\u00f3n institucional, fortaleciendo con ello los espacios de participaci\u00f3n<br \/>\npara expresar y difundir el talento que existe en la casa de estudios.<br \/>\nLa jornada inici\u00f3 con la transmisi\u00f3n en vivo de los programas Noticias Radio UAT y Con Todo Gusto,<br \/>\nreflejando la vida cotidiana del campus. Posteriormente, se present\u00f3 \u201cUAT en Vivo\u201d, producido por<br \/>\nTelevisi\u00f3n Universitaria y la direcci\u00f3n de Imagen y Comunicaci\u00f3n Estrat\u00e9gica, con entrevistas,<br \/>\nactividades y din\u00e1micas en tiempo real que involucraron al alumnado.<br \/>\nEntre las participaciones destacaron integrantes de grupos de danza folcl\u00f3rica y teatro, equipos de<br \/>\ntaekwondo, f\u00fatbol soccer y f\u00fatbol americano; as\u00ed como estudiantes que han sobresalido en<br \/>\nconcursos de organismos como el Instituto Mexicano de Contadores P\u00fablicos (IMCP), el Instituto<br \/>\nMexicano de Ejecutivos de Finanzas (IMEF) Universitario y la Expo Emprendedora ANFECA.<br \/>\nR-AP-01-34-01 Ver. 2<br \/>\nACT. 19\/07\/2024<br \/>\nSe anunci\u00f3 tambi\u00e9n la convocatoria para integrar la Red de Embajadores Digitales de la UAT, que<br \/>\nintegrar\u00e1 a estudiantes para contribuir a la difusi\u00f3n de proyectos y actividades institucionales<br \/>\nmediante las plataformas digitales.<br \/>\nEl programa \u201cUAT en Vivo\u201d tendr\u00e1 transmisiones semanales desde distintas sedes, iniciando con las<br \/>\nfacultades del Campus Victoria y extendi\u00e9ndose, gradualmente, a los campus de toda la Universidad<br \/>\nen el estado.<br \/>\nCon esta iniciativa, la UAT reafirma su compromiso de consolidar la identidad universitaria,<br \/>\nimpulsar la participaci\u00f3n de su comunidad y compartir con la sociedad los logros, experiencias y<br \/>\naportaciones que surgen d\u00eda a d\u00eda en sus aulas.<\/p>\n","protected":false},"excerpt":{"rendered":"La Universidad Aut\u00f3noma de Tamaulipas puso en marcha el programa \u201cUAT en Vivo\u201d, una estrategia de comunicaci\u00f3n institucional que tiene como objetivo difundir el talento estudiantil y conectar el potencial de sus facultades, unidades acad\u00e9micas y escuelas preparatorias con la comunidad universitaria y la sociedad en general. La UAT, a trav\u00e9s de la Secretar\u00eda de","protected":false},"author":1,"featured_media":3582,"comment_status":"open","ping_status":"open","sticky":false,"template":"","format":"standard","meta":{"_monsterinsights_skip_tracking":false,"_monsterinsights_sitenote_active":false,"_monsterinsights_sitenote_note":"","_monsterinsights_sitenote_category":0,"footnotes":""},"categories":[3],"tags":[],"class_list":["post-3581","post","type-post","status-publish","format-standard","has-post-thumbnail","hentry","category-noticias"],"aioseo_notices":[],"amp_enabled":true,"_links":{"self":[{"href":"https:\/\/tamaulipasmiregion.com\/index.php?rest_route=\/wp\/v2\/posts\/3581","targetHints":{"allow":["GET"]}}],"collection":[{"href":"https:\/\/tamaulipasmiregion.com\/index.php?rest_route=\/wp\/v2\/posts"}],"about":[{"href":"https:\/\/tamaulipasmiregion.com\/index.php?rest_route=\/wp\/v2\/types\/post"}],"author":[{"embeddable":true,"href":"https:\/\/tamaulipasmiregion.com\/index.php?rest_route=\/wp\/v2\/users\/1"}],"replies":[{"embeddable":true,"href":"https:\/\/tamaulipasmiregion.com\/index.php?rest_route=%2Fwp%2Fv2%2Fcomments&post=3581"}],"version-history":[{"count":1,"href":"https:\/\/tamaulipasmiregion.com\/index.php?rest_route=\/wp\/v2\/posts\/3581\/revisions"}],"predecessor-version":[{"id":3583,"href":"https:\/\/tamaulipasmiregion.com\/index.php?rest_route=\/wp\/v2\/posts\/3581\/revisions\/3583"}],"wp:featuredmedia":[{"embeddable":true,"href":"https:\/\/tamaulipasmiregion.com\/index.php?rest_route=\/wp\/v2\/media\/3582"}],"wp:attachment":[{"href":"https:\/\/tamaulipasmiregion.com\/index.php?rest_route=%2Fwp%2Fv2%2Fmedia&parent=3581"}],"wp:term":[{"taxonomy":"category","embeddable":true,"href":"https:\/\/tamaulipasmiregion.com\/index.php?rest_route=%2Fwp%2Fv2%2Fcategories&post=3581"},{"taxonomy":"post_tag","embeddable":true,"href":"https:\/\/tamaulipasmiregion.com\/index.php?rest_route=%2Fwp%2Fv2%2Ftags&post=3581"}],"curies":[{"name":"wp","href":"https:\/\/api.w.org\/{rel}","templated":true}]}}