{"id":3585,"date":"2025-09-04T18:14:37","date_gmt":"2025-09-04T18:14:37","guid":{"rendered":"https:\/\/tamaulipasmiregion.com\/?p=3585"},"modified":"2025-09-12T18:18:06","modified_gmt":"2025-09-12T18:18:06","slug":"impulsa-la-uat-alianza-estrategica-con-la-agencia-nacional-de-aduanas-de-mexico","status":"publish","type":"post","link":"https:\/\/tamaulipasmiregion.com\/?p=3585","title":{"rendered":"Impulsa la UAT alianza estrat\u00e9gica con la Agencia Nacional de Aduanas de M\u00e9xico"},"content":{"rendered":"<p>El rector de la Universidad Aut\u00f3noma de Tamaulipas (UAT), D\u00e1maso Anaya Alvarado, y el titular de<br \/>\nla Agencia Nacional de Aduanas de M\u00e9xico (ANAM), Rafael Mar\u00edn Mollinedo, firmaron un convenio<br \/>\nde colaboraci\u00f3n que permitir\u00e1 a la casa de estudios fortalecer la formaci\u00f3n aduanera y t\u00e9cnica de<br \/>\nlas nuevas generaciones y consolidar su papel como puente entre la educaci\u00f3n superior y los<br \/>\nsectores estrat\u00e9gicos del pa\u00eds.<br \/>\nEn el acto protocolario, celebrado en las oficinas de la ANAM, estuvieron tambi\u00e9n, por parte de este<br \/>\norganismo, la titular de la Unidad de Administraci\u00f3n y Finanzas, Irma Ruth Lara Gallegos, y el director<br \/>\ngeneral de Planeaci\u00f3n Aduanera, Jos\u00e9 S\u00e1nchez P\u00e9rez.<br \/>\nEl convenio establece mecanismos conjuntos para que estudiantes de la UAT realicen servicio social,<br \/>\npr\u00e1cticas profesionales y programas de capacitaci\u00f3n orientados a fortalecer el Servicio Profesional<br \/>\nAduanero y contribuir al desarrollo de capacidades en comercio exterior y log\u00edstica.<br \/>\nEn su intervenci\u00f3n, el rector D\u00e1maso Anaya enfatiz\u00f3 que este acuerdo constituye una sinergia<br \/>\ninstitucional que permitir\u00e1 fortalecer los procesos de la ANAM con el talento universitario y, al<br \/>\nmismo tiempo, abrir nuevas rutas de especializaci\u00f3n para que el estudiantado adquiera experiencia<br \/>\ny competencias en un sector estrat\u00e9gico para M\u00e9xico.<br \/>\nDestac\u00f3 que la UAT cuenta con programas acad\u00e9micos directamente vinculados con el comercio<br \/>\nexterior, la econom\u00eda y la log\u00edstica, tales como las licenciaturas en Negocios Internacionales,<br \/>\nEconom\u00eda, Econom\u00eda y Finanzas, Ingenier\u00eda en Negocios y Econom\u00eda y Desarrollo Sustentable,<br \/>\nse\u00f1alando que estas \u00e1reas representan la base del talento que se pondr\u00e1 al servicio del desarrollo<br \/>\naduanero del pa\u00eds.<br \/>\nR-AP-01-34-01 Ver. 2<br \/>\nACT. 19\/07\/2024<br \/>\nEl rector subray\u00f3 la relevancia de Tamaulipas como motor del comercio internacional, al concentrar<br \/>\nen la frontera de Nuevo Laredo a m\u00e1s de 350 agentes aduanales, lo que refuerza la responsabilidad<br \/>\nde la UAT en preparar profesionales para este sector estrat\u00e9gico.<br \/>\nPor su parte, el titular de la ANAM, Rafael Mar\u00edn Mollinedo, dijo que la colaboraci\u00f3n con la UAT<br \/>\nrepresenta un puente s\u00f3lido entre la educaci\u00f3n superior y la funci\u00f3n aduanera, al permitir que<br \/>\nestudiantes universitarios se integren a procesos de formaci\u00f3n pr\u00e1ctica que enriquecer\u00e1n su perfil<br \/>\nprofesional y aportar\u00e1n talento joven a la modernizaci\u00f3n de las aduanas mexicanas.<br \/>\nEste convenio no solo abre oportunidades para estudiantes y egresados, sino que tambi\u00e9n reafirma<br \/>\nel compromiso de la UAT con la transformaci\u00f3n de Tamaulipas y con la formaci\u00f3n de mujeres y<br \/>\nhombres que estar\u00e1n listos para responder a los retos del comercio exterior, la econom\u00eda nacional<br \/>\ny la sociedad global.<br \/>\nDurante la firma de este acuerdo, acompa\u00f1aron tambi\u00e9n el director de la Facultad de Comercio,<br \/>\nAdministraci\u00f3n y Ciencias Sociales Nuevo Laredo y funcionarios de la Universidad.<\/p>\n","protected":false},"excerpt":{"rendered":"El rector de la Universidad Aut\u00f3noma de Tamaulipas (UAT), D\u00e1maso Anaya Alvarado, y el titular de la Agencia Nacional de Aduanas de M\u00e9xico (ANAM), Rafael Mar\u00edn Mollinedo, firmaron un convenio de colaboraci\u00f3n que permitir\u00e1 a la casa de estudios fortalecer la formaci\u00f3n aduanera y t\u00e9cnica de las nuevas generaciones y consolidar su papel como puente","protected":false},"author":1,"featured_media":3588,"comment_status":"open","ping_status":"open","sticky":false,"template":"","format":"standard","meta":{"_monsterinsights_skip_tracking":false,"_monsterinsights_sitenote_active":false,"_monsterinsights_sitenote_note":"","_monsterinsights_sitenote_category":0,"footnotes":""},"categories":[3],"tags":[],"class_list":["post-3585","post","type-post","status-publish","format-standard","has-post-thumbnail","hentry","category-noticias"],"aioseo_notices":[],"amp_enabled":true,"_links":{"self":[{"href":"https:\/\/tamaulipasmiregion.com\/index.php?rest_route=\/wp\/v2\/posts\/3585","targetHints":{"allow":["GET"]}}],"collection":[{"href":"https:\/\/tamaulipasmiregion.com\/index.php?rest_route=\/wp\/v2\/posts"}],"about":[{"href":"https:\/\/tamaulipasmiregion.com\/index.php?rest_route=\/wp\/v2\/types\/post"}],"author":[{"embeddable":true,"href":"https:\/\/tamaulipasmiregion.com\/index.php?rest_route=\/wp\/v2\/users\/1"}],"replies":[{"embeddable":true,"href":"https:\/\/tamaulipasmiregion.com\/index.php?rest_route=%2Fwp%2Fv2%2Fcomments&post=3585"}],"version-history":[{"count":1,"href":"https:\/\/tamaulipasmiregion.com\/index.php?rest_route=\/wp\/v2\/posts\/3585\/revisions"}],"predecessor-version":[{"id":3586,"href":"https:\/\/tamaulipasmiregion.com\/index.php?rest_route=\/wp\/v2\/posts\/3585\/revisions\/3586"}],"wp:featuredmedia":[{"embeddable":true,"href":"https:\/\/tamaulipasmiregion.com\/index.php?rest_route=\/wp\/v2\/media\/3588"}],"wp:attachment":[{"href":"https:\/\/tamaulipasmiregion.com\/index.php?rest_route=%2Fwp%2Fv2%2Fmedia&parent=3585"}],"wp:term":[{"taxonomy":"category","embeddable":true,"href":"https:\/\/tamaulipasmiregion.com\/index.php?rest_route=%2Fwp%2Fv2%2Fcategories&post=3585"},{"taxonomy":"post_tag","embeddable":true,"href":"https:\/\/tamaulipasmiregion.com\/index.php?rest_route=%2Fwp%2Fv2%2Ftags&post=3585"}],"curies":[{"name":"wp","href":"https:\/\/api.w.org\/{rel}","templated":true}]}}