{"id":3609,"date":"2025-11-01T14:55:54","date_gmt":"2025-11-01T14:55:54","guid":{"rendered":"https:\/\/tamaulipasmiregion.com\/?p=3609"},"modified":"2025-11-11T14:56:48","modified_gmt":"2025-11-11T14:56:48","slug":"celebra-la-uat-tradiciones-mexicanas-con-actividades-en-todas-sus-sedes","status":"publish","type":"post","link":"https:\/\/tamaulipasmiregion.com\/?p=3609","title":{"rendered":"Celebra la UAT tradiciones mexicanas con actividades en todas sus sedes"},"content":{"rendered":"<p>La Universidad Aut\u00f3noma de Tamaulipas (UAT) reafirm\u00f3 su compromiso con la preservaci\u00f3n de las<br \/>\ncostumbres y tradiciones mexicanas al realizar diversas actividades alusivas al D\u00eda de Muertos en<br \/>\ntodas sus sedes universitarias en el estado, fortaleciendo as\u00ed el sentido de identidad, pertenencia y<br \/>\norgullo nacional entre su comunidad.<br \/>\nCada espacio se llen\u00f3 de color, flores de cempas\u00fachil, papel picado y creatividad, donde estudiantes,<br \/>\ndocentes y personal administrativo participaron activamente en la elaboraci\u00f3n de altares,<br \/>\ncaracterizaciones y muestras art\u00edsticas que evocaron la riqueza de esta celebraci\u00f3n ancestral.<br \/>\nComo parte de estas actividades, la Direcci\u00f3n de Cultura y Arte llev\u00f3 a cabo, en el Gimnasio<br \/>\nMultidisciplinario de Victoria, la tradicional jornada universitaria de D\u00eda de Muertos, que incluy\u00f3 el<br \/>\nConcurso de Altares UAT 2025 y el Concurso de Calaveritas Literarias y Catrinas y Catrines, donde se<br \/>\npuso de manifiesto el talento, la creatividad y el amor por nuestras ra\u00edces.<br \/>\nDesde las primeras horas del d\u00eda, las dependencias acad\u00e9micas del Campus Victoria comenzaron el<br \/>\nmontaje de sus altares, los cuales destacaron por su ingenio, originalidad y simbolismo. En esta<br \/>\nedici\u00f3n, la Facultad de Ingenier\u00eda y Ciencias obtuvo el primer lugar en el Concurso de Altares; en el<br \/>\nConcurso de Calaveritas Literarias, el primer lugar fue otorgado a Jes\u00fas Abel Gallardo Garc\u00eda,<br \/>\nestudiante de la Facultad de Derecho y Ciencias Sociales Victoria; en la categor\u00eda de Catrinas y<br \/>\nCatrines, la Facultad de Comercio y Administraci\u00f3n Victoria destac\u00f3 con la participaci\u00f3n de Vanesa<br \/>\nOjeda.<br \/>\nDe igual manera, en los distintos campus de la UAT se llevaron a cabo exposiciones, ofrendas y<br \/>\npresentaciones culturales, donde se reflej\u00f3 el compromiso de la UAT por fomentar el arte, la cultura<br \/>\ny las tradiciones mexicanas.<br \/>\nA trav\u00e9s de estas acciones, la Universidad Aut\u00f3noma de Tamaulipas promueve la difusi\u00f3n del arte<br \/>\npopular y las expresiones culturales que distinguen al pueblo mexicano, impulsando adem\u00e1s la<br \/>\nformaci\u00f3n integral de su comunidad estudiantil.<br \/>\nR-AP-01-34-01 Ver. 2<br \/>\nACT. 19\/07\/2024<\/p>\n","protected":false},"excerpt":{"rendered":"La Universidad Aut\u00f3noma de Tamaulipas (UAT) reafirm\u00f3 su compromiso con la preservaci\u00f3n de las costumbres y tradiciones mexicanas al realizar diversas actividades alusivas al D\u00eda de Muertos en todas sus sedes universitarias en el estado, fortaleciendo as\u00ed el sentido de identidad, pertenencia y orgullo nacional entre su comunidad. Cada espacio se llen\u00f3 de color, flores","protected":false},"author":1,"featured_media":3610,"comment_status":"open","ping_status":"open","sticky":false,"template":"","format":"standard","meta":{"_monsterinsights_skip_tracking":false,"_monsterinsights_sitenote_active":false,"_monsterinsights_sitenote_note":"","_monsterinsights_sitenote_category":0,"footnotes":""},"categories":[3],"tags":[],"class_list":["post-3609","post","type-post","status-publish","format-standard","has-post-thumbnail","hentry","category-noticias"],"aioseo_notices":[],"amp_enabled":true,"_links":{"self":[{"href":"https:\/\/tamaulipasmiregion.com\/index.php?rest_route=\/wp\/v2\/posts\/3609","targetHints":{"allow":["GET"]}}],"collection":[{"href":"https:\/\/tamaulipasmiregion.com\/index.php?rest_route=\/wp\/v2\/posts"}],"about":[{"href":"https:\/\/tamaulipasmiregion.com\/index.php?rest_route=\/wp\/v2\/types\/post"}],"author":[{"embeddable":true,"href":"https:\/\/tamaulipasmiregion.com\/index.php?rest_route=\/wp\/v2\/users\/1"}],"replies":[{"embeddable":true,"href":"https:\/\/tamaulipasmiregion.com\/index.php?rest_route=%2Fwp%2Fv2%2Fcomments&post=3609"}],"version-history":[{"count":1,"href":"https:\/\/tamaulipasmiregion.com\/index.php?rest_route=\/wp\/v2\/posts\/3609\/revisions"}],"predecessor-version":[{"id":3611,"href":"https:\/\/tamaulipasmiregion.com\/index.php?rest_route=\/wp\/v2\/posts\/3609\/revisions\/3611"}],"wp:featuredmedia":[{"embeddable":true,"href":"https:\/\/tamaulipasmiregion.com\/index.php?rest_route=\/wp\/v2\/media\/3610"}],"wp:attachment":[{"href":"https:\/\/tamaulipasmiregion.com\/index.php?rest_route=%2Fwp%2Fv2%2Fmedia&parent=3609"}],"wp:term":[{"taxonomy":"category","embeddable":true,"href":"https:\/\/tamaulipasmiregion.com\/index.php?rest_route=%2Fwp%2Fv2%2Fcategories&post=3609"},{"taxonomy":"post_tag","embeddable":true,"href":"https:\/\/tamaulipasmiregion.com\/index.php?rest_route=%2Fwp%2Fv2%2Ftags&post=3609"}],"curies":[{"name":"wp","href":"https:\/\/api.w.org\/{rel}","templated":true}]}}