{"id":3699,"date":"2025-06-18T22:05:42","date_gmt":"2025-06-18T22:05:42","guid":{"rendered":"https:\/\/tamaulipasmiregion.com\/?p=3699"},"modified":"2026-02-11T22:06:51","modified_gmt":"2026-02-11T22:06:51","slug":"entrega-rector-equipamiento-en-la-facultad-de-ciencias-de-la-educacion-y-humanidades","status":"publish","type":"post","link":"https:\/\/tamaulipasmiregion.com\/?p=3699","title":{"rendered":"Entrega rector equipamiento en la Facultad de Ciencias de la Educaci\u00f3n y Humanidades\u00a0"},"content":{"rendered":"\n<p><\/p>\n\n\n\n<p>El rector D\u00e1maso Anaya Alvarado llev\u00f3 a cabo un recorrido por la Facultad de Ciencias de la Educaci\u00f3n y Humanidades (FCEH) del Campus Victoria, donde realiz\u00f3 diversas actividades, entre ellas, encabez\u00f3 la reuni\u00f3n del Colegio de Directores de la Universidad Aut\u00f3noma de Tamaulipas (UAT), entreg\u00f3 equipo tecnol\u00f3gico de vanguardia y supervis\u00f3 espacios acad\u00e9micos y deportivos de este plantel universitario.&nbsp;<\/p>\n\n\n\n<p>Acompa\u00f1ado por la directora de la FCEH, Elsa Fernanda Gonz\u00e1lez Quintero, el rector de la UAT constat\u00f3 los avances de las diversas \u00e1reas estrat\u00e9gicas y dialog\u00f3 con el personal acad\u00e9mico, administrativo y estudiantes deportistas de esta instituci\u00f3n, reafirmando su compromiso de impulsar acciones que fortalezcan la calidad acad\u00e9mica y los entornos para la formaci\u00f3n integral del alumnado.&nbsp;<\/p>\n\n\n\n<p>Como primer punto del recorrido, visit\u00f3 la cancha de futbol r\u00e1pido de la Facultad, en donde se plantea el proyecto de adecuaci\u00f3n y mejoramiento de infraestructura.&nbsp;<\/p>\n\n\n\n<p>Posteriormente, en la Sala de Usos M\u00faltiples se present\u00f3 el funcionamiento de tres nuevas pantallas inteligentes que fortalecen los procesos de ense\u00f1anza-aprendizaje mediante soluciones tecnol\u00f3gicas integrales para clases virtuales, videoconferencias y trabajo interactivo.&nbsp;<\/p>\n\n\n\n<p>M\u00e1s adelante, D\u00e1maso Anaya encabez\u00f3 la entrega simb\u00f3lica de 30 equipos de c\u00f3mputo, de los cuales 25 fueron asignados al Centro de C\u00f3mputo y 5 al Laboratorio de Idiomas.&nbsp;<\/p>\n\n\n\n<p>Tambi\u00e9n constat\u00f3 el trabajo que realiza el Centro de Auto Acceso, que opera en vinculaci\u00f3n con el programa institucional de ingl\u00e9s y la Licenciatura en Ling\u00fc\u00edstica Aplicada.&nbsp;<\/p>\n\n\n\n<p>Luego del recorrido, el rector presidi\u00f3 la reuni\u00f3n del Colegio de Directores con las y los titulares de las 27 dependencias acad\u00e9micas de la UAT, en donde se abordaron diferentes temas para el&nbsp;<\/p>\n\n\n\n<p>fortalecimiento integral de la instituci\u00f3n y de sus facultades, unidades acad\u00e9micas y escuelas preparatorias.<\/p>\n","protected":false},"excerpt":{"rendered":"El rector D\u00e1maso Anaya Alvarado llev\u00f3 a cabo un recorrido por la Facultad de Ciencias de la Educaci\u00f3n y Humanidades (FCEH) del Campus Victoria, donde realiz\u00f3 diversas actividades, entre ellas, encabez\u00f3 la reuni\u00f3n del Colegio de Directores de la Universidad Aut\u00f3noma de Tamaulipas (UAT), entreg\u00f3 equipo tecnol\u00f3gico de vanguardia y supervis\u00f3 espacios acad\u00e9micos y deportivos","protected":false},"author":1,"featured_media":3700,"comment_status":"open","ping_status":"open","sticky":false,"template":"","format":"standard","meta":{"_monsterinsights_skip_tracking":false,"_monsterinsights_sitenote_active":false,"_monsterinsights_sitenote_note":"","_monsterinsights_sitenote_category":0,"footnotes":""},"categories":[3],"tags":[],"class_list":["post-3699","post","type-post","status-publish","format-standard","has-post-thumbnail","hentry","category-noticias"],"aioseo_notices":[],"amp_enabled":true,"_links":{"self":[{"href":"https:\/\/tamaulipasmiregion.com\/index.php?rest_route=\/wp\/v2\/posts\/3699","targetHints":{"allow":["GET"]}}],"collection":[{"href":"https:\/\/tamaulipasmiregion.com\/index.php?rest_route=\/wp\/v2\/posts"}],"about":[{"href":"https:\/\/tamaulipasmiregion.com\/index.php?rest_route=\/wp\/v2\/types\/post"}],"author":[{"embeddable":true,"href":"https:\/\/tamaulipasmiregion.com\/index.php?rest_route=\/wp\/v2\/users\/1"}],"replies":[{"embeddable":true,"href":"https:\/\/tamaulipasmiregion.com\/index.php?rest_route=%2Fwp%2Fv2%2Fcomments&post=3699"}],"version-history":[{"count":2,"href":"https:\/\/tamaulipasmiregion.com\/index.php?rest_route=\/wp\/v2\/posts\/3699\/revisions"}],"predecessor-version":[{"id":3702,"href":"https:\/\/tamaulipasmiregion.com\/index.php?rest_route=\/wp\/v2\/posts\/3699\/revisions\/3702"}],"wp:featuredmedia":[{"embeddable":true,"href":"https:\/\/tamaulipasmiregion.com\/index.php?rest_route=\/wp\/v2\/media\/3700"}],"wp:attachment":[{"href":"https:\/\/tamaulipasmiregion.com\/index.php?rest_route=%2Fwp%2Fv2%2Fmedia&parent=3699"}],"wp:term":[{"taxonomy":"category","embeddable":true,"href":"https:\/\/tamaulipasmiregion.com\/index.php?rest_route=%2Fwp%2Fv2%2Fcategories&post=3699"},{"taxonomy":"post_tag","embeddable":true,"href":"https:\/\/tamaulipasmiregion.com\/index.php?rest_route=%2Fwp%2Fv2%2Ftags&post=3699"}],"curies":[{"name":"wp","href":"https:\/\/api.w.org\/{rel}","templated":true}]}}