{"id":3755,"date":"2025-06-30T03:16:08","date_gmt":"2025-06-30T03:16:08","guid":{"rendered":"https:\/\/tamaulipasmiregion.com\/?p=3755"},"modified":"2026-02-12T03:18:35","modified_gmt":"2026-02-12T03:18:35","slug":"invita-la-uat-a-reforzar-las-buenas-practicas-educativas-en-preparatoria-ynivel-superior","status":"publish","type":"post","link":"https:\/\/tamaulipasmiregion.com\/?p=3755","title":{"rendered":"Invita la UAT a reforzar las buenas pr\u00e1cticas educativas en preparatoria ynivel superior"},"content":{"rendered":"\n<p>La UAT y la Secretar\u00eda de Educaci\u00f3n convocan a docentes de todas las instituciones de nivel<br>medio superior y superior de la entidad, a compartir sus experiencias y propuestas que<br>contribuyan en la transformaci\u00f3n y la innovaci\u00f3n educativa en Tamaulipas.<br>La Universidad Aut\u00f3noma de Tamaulipas (UAT) convoca a docentes de nivel medio superior y<br>superior de todo el estado a participar en el Congreso Estatal de Buenas Pr\u00e1cticas Educativas, un<br>espacio de reflexi\u00f3n para compartir experiencias y propuestas que contribuyan a fortalecer la<br>transformaci\u00f3n y la innovaci\u00f3n educativa.<br>Organizado en colaboraci\u00f3n con la Secretar\u00eda de Educaci\u00f3n de Tamaulipas, el congreso se llevar\u00e1 a<br>cabo los d\u00edas 26 y 27 de agosto, en el Polyforum de Ciudad Victoria, en donde maestras y maestros<br>podr\u00e1n participar como ponentes, cuya contribuci\u00f3n se publicar\u00e1 en una memoria digital del evento,<br>o bien como asistentes para sumarse a la conversaci\u00f3n y di\u00e1logos desde su propia experiencia<br>docente.<br>Para m\u00e1s informaci\u00f3n y registro, ingresar a la plataforma oficial del congreso:<br>https:\/\/buenaspracticaseducativas.uat.edu.mx\/ donde podr\u00e1n consultar la convocatoria, temas y<br>requisitos para participar, misma que puede ser consultada tambi\u00e9n a trav\u00e9s del portal oficial de la<br>UAT.<br>Como parte de las iniciativas institucionales que impulsa el rector de la UAT, D\u00e1maso Anaya<br>Alvarado, este encuentro acad\u00e9mico tiene como prop\u00f3sito ofrecer un espacio para el an\u00e1lisis, el<br>di\u00e1logo y la reflexi\u00f3n sobre las mejores pr\u00e1cticas educativas implementadas por docentes, con el fin<br>de consolidar una ense\u00f1anza m\u00e1s pertinente, innovadora y transformadora.<br>R-AP-01-34-01 Ver. 2<br>ACT. 19\/07\/2024<br>En conjunto con las pol\u00edticas educativas del Gobierno del Estado de Tamaulipas, este congreso busca<br>reunir la participaci\u00f3n de maestras y maestros de bachillerato y licenciatura de todas las<br>instituciones de nivel medio superior y superior de la entidad, para compartir y difundir experiencias<br>exitosas, fortalecer el compromiso docente e impulsar una mejora continua en la formaci\u00f3n<br>acad\u00e9mica de la comunidad estudiantil.<\/p>\n","protected":false},"excerpt":{"rendered":"La UAT y la Secretar\u00eda de Educaci\u00f3n convocan a docentes de todas las instituciones de nivelmedio superior y superior de la entidad, a compartir sus experiencias y propuestas quecontribuyan en la transformaci\u00f3n y la innovaci\u00f3n educativa en Tamaulipas.La Universidad Aut\u00f3noma de Tamaulipas (UAT) convoca a docentes de nivel medio superior ysuperior de todo el estado","protected":false},"author":1,"featured_media":3756,"comment_status":"open","ping_status":"open","sticky":false,"template":"","format":"standard","meta":{"_monsterinsights_skip_tracking":false,"_monsterinsights_sitenote_active":false,"_monsterinsights_sitenote_note":"","_monsterinsights_sitenote_category":0,"footnotes":""},"categories":[3],"tags":[],"class_list":["post-3755","post","type-post","status-publish","format-standard","has-post-thumbnail","hentry","category-noticias"],"aioseo_notices":[],"amp_enabled":true,"_links":{"self":[{"href":"https:\/\/tamaulipasmiregion.com\/index.php?rest_route=\/wp\/v2\/posts\/3755","targetHints":{"allow":["GET"]}}],"collection":[{"href":"https:\/\/tamaulipasmiregion.com\/index.php?rest_route=\/wp\/v2\/posts"}],"about":[{"href":"https:\/\/tamaulipasmiregion.com\/index.php?rest_route=\/wp\/v2\/types\/post"}],"author":[{"embeddable":true,"href":"https:\/\/tamaulipasmiregion.com\/index.php?rest_route=\/wp\/v2\/users\/1"}],"replies":[{"embeddable":true,"href":"https:\/\/tamaulipasmiregion.com\/index.php?rest_route=%2Fwp%2Fv2%2Fcomments&post=3755"}],"version-history":[{"count":1,"href":"https:\/\/tamaulipasmiregion.com\/index.php?rest_route=\/wp\/v2\/posts\/3755\/revisions"}],"predecessor-version":[{"id":3757,"href":"https:\/\/tamaulipasmiregion.com\/index.php?rest_route=\/wp\/v2\/posts\/3755\/revisions\/3757"}],"wp:featuredmedia":[{"embeddable":true,"href":"https:\/\/tamaulipasmiregion.com\/index.php?rest_route=\/wp\/v2\/media\/3756"}],"wp:attachment":[{"href":"https:\/\/tamaulipasmiregion.com\/index.php?rest_route=%2Fwp%2Fv2%2Fmedia&parent=3755"}],"wp:term":[{"taxonomy":"category","embeddable":true,"href":"https:\/\/tamaulipasmiregion.com\/index.php?rest_route=%2Fwp%2Fv2%2Fcategories&post=3755"},{"taxonomy":"post_tag","embeddable":true,"href":"https:\/\/tamaulipasmiregion.com\/index.php?rest_route=%2Fwp%2Fv2%2Ftags&post=3755"}],"curies":[{"name":"wp","href":"https:\/\/api.w.org\/{rel}","templated":true}]}}