{"id":3759,"date":"2025-07-01T15:47:07","date_gmt":"2025-07-01T15:47:07","guid":{"rendered":"https:\/\/tamaulipasmiregion.com\/?p=3759"},"modified":"2026-02-12T15:49:12","modified_gmt":"2026-02-12T15:49:12","slug":"se-suma-la-uat-a-las-acciones-en-apoyo-a-la-poblacion-afectada-porbarry","status":"publish","type":"post","link":"https:\/\/tamaulipasmiregion.com\/?p=3759","title":{"rendered":"Se suma la UAT a las acciones en apoyo a la poblaci\u00f3n afectada porBarry"},"content":{"rendered":"\n<p><br>El rector de la Universidad Aut\u00f3noma de Tamaulipas (UAT), D\u00e1maso Anaya Alvarado,<br>sostuvo una reuni\u00f3n virtual con directores y directoras de las dependencias acad\u00e9micas de<br>los campus Sur, Mante y Victoria, a fin de evaluar las medidas que se han implementado para<br>proteger la integridad de la comunidad universitaria durante la contingencia meteorol\u00f3gica<br>que se ha presentado en la regi\u00f3n.<br>En su oportunidad, el rector dijo que la UAT est\u00e1 lista para colaborar en las acciones que<br>determine la Coordinaci\u00f3n Estatal de Protecci\u00f3n Civil de Tamaulipas para contribuir a<br>salvaguardar a la poblaci\u00f3n ante las inundaciones y da\u00f1os causados por la tormenta tropical<br>Barry.<br>Reiter\u00f3 la total disposici\u00f3n y suma de esfuerzos institucionales con el Gobierno del<br>Estado y con todas las autoridades que trabajan para cuidar de las comunidades afectadas por<br>este fen\u00f3meno meteorol\u00f3gico.<br>Refiri\u00f3 que, como parte de las acciones inmediatas, ha sido habilitado el Gimnasio del<br>Centro Universitario Sur (campus Tampico) como albergue temporal para la gente que as\u00ed lo<br>requiera.<br>Por otro lado, mencion\u00f3 que en Ciudad Mante la UAT cuenta con personal, equipamiento<br>e instalaciones para colaborar con Protecci\u00f3n Civil, una vez que ya se ha presentado el<br>desbordamiento de r\u00edos y evacuaci\u00f3n de la poblaci\u00f3n.<br>Puntualiz\u00f3 que en la zona sur del estado, la UAT dispone de personal en las \u00e1reas de la<br>salud para colaborar en las acciones que sean necesarias.<br>Por \u00faltimo, sostuvo que la Universidad est\u00e1 lista tambi\u00e9n para llevar v\u00edveres y otros<br>recursos que son de gran ayuda en este tipo de contingencias.<\/p>\n","protected":false},"excerpt":{"rendered":"El rector de la Universidad Aut\u00f3noma de Tamaulipas (UAT), D\u00e1maso Anaya Alvarado,sostuvo una reuni\u00f3n virtual con directores y directoras de las dependencias acad\u00e9micas delos campus Sur, Mante y Victoria, a fin de evaluar las medidas que se han implementado paraproteger la integridad de la comunidad universitaria durante la contingencia meteorol\u00f3gicaque se ha presentado en la","protected":false},"author":1,"featured_media":3760,"comment_status":"open","ping_status":"open","sticky":false,"template":"","format":"standard","meta":{"_monsterinsights_skip_tracking":false,"_monsterinsights_sitenote_active":false,"_monsterinsights_sitenote_note":"","_monsterinsights_sitenote_category":0,"footnotes":""},"categories":[1],"tags":[],"class_list":["post-3759","post","type-post","status-publish","format-standard","has-post-thumbnail","hentry","category-uncategorized"],"aioseo_notices":[],"amp_enabled":true,"_links":{"self":[{"href":"https:\/\/tamaulipasmiregion.com\/index.php?rest_route=\/wp\/v2\/posts\/3759","targetHints":{"allow":["GET"]}}],"collection":[{"href":"https:\/\/tamaulipasmiregion.com\/index.php?rest_route=\/wp\/v2\/posts"}],"about":[{"href":"https:\/\/tamaulipasmiregion.com\/index.php?rest_route=\/wp\/v2\/types\/post"}],"author":[{"embeddable":true,"href":"https:\/\/tamaulipasmiregion.com\/index.php?rest_route=\/wp\/v2\/users\/1"}],"replies":[{"embeddable":true,"href":"https:\/\/tamaulipasmiregion.com\/index.php?rest_route=%2Fwp%2Fv2%2Fcomments&post=3759"}],"version-history":[{"count":2,"href":"https:\/\/tamaulipasmiregion.com\/index.php?rest_route=\/wp\/v2\/posts\/3759\/revisions"}],"predecessor-version":[{"id":3763,"href":"https:\/\/tamaulipasmiregion.com\/index.php?rest_route=\/wp\/v2\/posts\/3759\/revisions\/3763"}],"wp:featuredmedia":[{"embeddable":true,"href":"https:\/\/tamaulipasmiregion.com\/index.php?rest_route=\/wp\/v2\/media\/3760"}],"wp:attachment":[{"href":"https:\/\/tamaulipasmiregion.com\/index.php?rest_route=%2Fwp%2Fv2%2Fmedia&parent=3759"}],"wp:term":[{"taxonomy":"category","embeddable":true,"href":"https:\/\/tamaulipasmiregion.com\/index.php?rest_route=%2Fwp%2Fv2%2Fcategories&post=3759"},{"taxonomy":"post_tag","embeddable":true,"href":"https:\/\/tamaulipasmiregion.com\/index.php?rest_route=%2Fwp%2Fv2%2Ftags&post=3759"}],"curies":[{"name":"wp","href":"https:\/\/api.w.org\/{rel}","templated":true}]}}