{"id":3772,"date":"2025-07-04T16:07:12","date_gmt":"2025-07-04T16:07:12","guid":{"rendered":"https:\/\/tamaulipasmiregion.com\/?p=3772"},"modified":"2026-02-12T16:08:13","modified_gmt":"2026-02-12T16:08:13","slug":"el-rector-damaso-anaya-y-la-lic-isolda-rendon-presiden-graduacion-de-cendis-de-la-uat","status":"publish","type":"post","link":"https:\/\/tamaulipasmiregion.com\/?p=3772","title":{"rendered":"El rector D\u00e1maso Anaya y la Lic. Isolda Rend\u00f3n presiden graduaci\u00f3n de CENDIS de la UAT\u00a0"},"content":{"rendered":"\n<p><\/p>\n\n\n\n<p>\u00b7 Con gran j\u00fabilo la UAT celebra el egreso de la primera generaci\u00f3n del CENDI E0004; de la generaci\u00f3n 41 del CENDI Victoria; y la tercera del C\u00edrculo de Desarrollo Infantil del Campus Victoria.&nbsp;<\/p>\n\n\n\n<p>El rector de la Universidad Aut\u00f3noma de Tamaulipas, D\u00e1maso Anaya Alvarado y su esposa, Lic. Isolda Rend\u00f3n de Anaya, presidenta de Familia UAT, encabezaron la ceremonia de graduaci\u00f3n de m\u00e1s de 130 ni\u00f1as y ni\u00f1os que egresaron de los centros de atenci\u00f3n infantil que forman parte de la m\u00e1xima casa de estudios del estado.&nbsp;<\/p>\n\n\n\n<p>La emotiva celebraci\u00f3n marc\u00f3 el egreso de la generaci\u00f3n n\u00famero 41 de Preescolar 3 del CENDI UAT Victoria; la tercera generaci\u00f3n del C\u00edrculo de Desarrollo Infantil (CDIN) del Campus Victoria; y la primera generaci\u00f3n de la Guarder\u00eda CENDI UAT E-0004.&nbsp;<\/p>\n\n\n\n<p>En su mensaje, el rector D\u00e1maso Anaya record\u00f3 los or\u00edgenes del primer CENDI de la Universidad, creado en los a\u00f1os ochenta, y subray\u00f3 que estos espacios no solo brindan atenci\u00f3n y cuidado, sino que forman parte de una visi\u00f3n educativa centrada en el desarrollo integral desde la primera infancia.&nbsp;<\/p>\n\n\n\n<p>Asimismo, reconoci\u00f3 el esfuerzo de las familias, el profesionalismo del personal docente y la entrega de quienes hacen posible estos programas, luego de reafirmar que la UAT es una comunidad que acompa\u00f1a, educa y transforma. Agradeci\u00f3 especialmente a su esposa, Isolda Rend\u00f3n, por su compromiso cercano y constante con la ni\u00f1ez.&nbsp;<\/p>\n\n\n\n<p>Finalmente, reafirm\u00f3 que el modelo de universidad que promueve es uno que pone al ser humano en el centro y que, cuando se educa desde el amor y en comunidad, no hay l\u00edmites para lo que se puede lograr.&nbsp;<\/p>\n\n\n\n<p>Por su parte, la presidenta de Familia UAT, Lic. Isolda Rend\u00f3n de Anaya, dirigi\u00f3 un emotivo mensaje en el que agradeci\u00f3 la confianza de madres y padres, a la vez que reconoci\u00f3 el profesionalismo del personal docente y administrativo de cada centro. A su vez, subray\u00f3 la importancia de fomentar una educaci\u00f3n basada en el afecto, la inclusi\u00f3n y los valores desde las etapas tempranas, reiterando su respaldo y cercan\u00eda para seguir fortaleciendo estos espacios de atenci\u00f3n, educaci\u00f3n y cuidado de la ni\u00f1ez universitaria.&nbsp;<\/p>\n\n\n\n<p>El evento, celebrado en el Gimnasio Multidisciplinario Victoria, incluy\u00f3 el acto protocolario de honores a la Bandera Nacional, presentaciones art\u00edsticas y mensajes de despedida en espa\u00f1ol e ingl\u00e9s a cargo de los infantes.&nbsp;<\/p>\n\n\n\n<p>Acompa\u00f1aron en la entrega de constancias, las directoras de cada plantel: Juana Mar\u00eda Escalante Ruiz, Olivia Carolina Orteg\u00f3n Ram\u00edrez y Claudia Ver\u00f3nica Cedillo de los Santos, quienes despidieron a sus respectivas generaciones, dese\u00e1ndoles \u00e9xito en su camino.&nbsp;<\/p>\n\n\n\n<p>As\u00ed, con m\u00e1s de 130 infancias egresadas y m\u00e1s de sesenta familias universitarias directamente beneficiadas, la UAT reafirma su vocaci\u00f3n como una instituci\u00f3n que inspira y transforma desde la educaci\u00f3n temprana, acompa\u00f1ada del afecto, el conocimiento y el compromiso con el futuro de Tamaulipas.<\/p>\n","protected":false},"excerpt":{"rendered":"\u00b7 Con gran j\u00fabilo la UAT celebra el egreso de la primera generaci\u00f3n del CENDI E0004; de la generaci\u00f3n 41 del CENDI Victoria; y la tercera del C\u00edrculo de Desarrollo Infantil del Campus Victoria.&nbsp; El rector de la Universidad Aut\u00f3noma de Tamaulipas, D\u00e1maso Anaya Alvarado y su esposa, Lic. Isolda Rend\u00f3n de Anaya, presidenta de","protected":false},"author":1,"featured_media":3773,"comment_status":"open","ping_status":"open","sticky":false,"template":"","format":"standard","meta":{"_monsterinsights_skip_tracking":false,"_monsterinsights_sitenote_active":false,"_monsterinsights_sitenote_note":"","_monsterinsights_sitenote_category":0,"footnotes":""},"categories":[3],"tags":[],"class_list":["post-3772","post","type-post","status-publish","format-standard","has-post-thumbnail","hentry","category-noticias"],"aioseo_notices":[],"amp_enabled":true,"_links":{"self":[{"href":"https:\/\/tamaulipasmiregion.com\/index.php?rest_route=\/wp\/v2\/posts\/3772","targetHints":{"allow":["GET"]}}],"collection":[{"href":"https:\/\/tamaulipasmiregion.com\/index.php?rest_route=\/wp\/v2\/posts"}],"about":[{"href":"https:\/\/tamaulipasmiregion.com\/index.php?rest_route=\/wp\/v2\/types\/post"}],"author":[{"embeddable":true,"href":"https:\/\/tamaulipasmiregion.com\/index.php?rest_route=\/wp\/v2\/users\/1"}],"replies":[{"embeddable":true,"href":"https:\/\/tamaulipasmiregion.com\/index.php?rest_route=%2Fwp%2Fv2%2Fcomments&post=3772"}],"version-history":[{"count":2,"href":"https:\/\/tamaulipasmiregion.com\/index.php?rest_route=\/wp\/v2\/posts\/3772\/revisions"}],"predecessor-version":[{"id":3775,"href":"https:\/\/tamaulipasmiregion.com\/index.php?rest_route=\/wp\/v2\/posts\/3772\/revisions\/3775"}],"wp:featuredmedia":[{"embeddable":true,"href":"https:\/\/tamaulipasmiregion.com\/index.php?rest_route=\/wp\/v2\/media\/3773"}],"wp:attachment":[{"href":"https:\/\/tamaulipasmiregion.com\/index.php?rest_route=%2Fwp%2Fv2%2Fmedia&parent=3772"}],"wp:term":[{"taxonomy":"category","embeddable":true,"href":"https:\/\/tamaulipasmiregion.com\/index.php?rest_route=%2Fwp%2Fv2%2Fcategories&post=3772"},{"taxonomy":"post_tag","embeddable":true,"href":"https:\/\/tamaulipasmiregion.com\/index.php?rest_route=%2Fwp%2Fv2%2Ftags&post=3772"}],"curies":[{"name":"wp","href":"https:\/\/api.w.org\/{rel}","templated":true}]}}