{"id":3780,"date":"2025-07-06T16:15:03","date_gmt":"2025-07-06T16:15:03","guid":{"rendered":"https:\/\/tamaulipasmiregion.com\/?p=3780"},"modified":"2026-02-12T16:15:54","modified_gmt":"2026-02-12T16:15:54","slug":"estudiantes-de-la-uat-inician-estancia-academica-en-canada","status":"publish","type":"post","link":"https:\/\/tamaulipasmiregion.com\/?p=3780","title":{"rendered":"Estudiantes de la UAT inician estancia acad\u00e9mica en Canad\u00e1\u00a0"},"content":{"rendered":"\n<p><\/p>\n\n\n\n<p>En un emotivo encuentro, el rector de la Universidad Aut\u00f3noma de Tamaulipas (UAT), D\u00e1maso Anaya Alvarado y su esposa, Lic. Isolda Rend\u00f3n de Anaya, presidenta de Familia UAT, despidieron al grupo de 18 estudiantes del Centro de Idiomas para la Ni\u00f1ez y la Adolescencia (CeINA) que participan en el programa de movilidad Verano en Canad\u00e1, una iniciativa que promueve la formaci\u00f3n internacional desde edades tempranas.&nbsp;<\/p>\n\n\n\n<p>Durante la convivencia previa al inicio del viaje, el rector y su esposa agradecieron la confianza depositada por las familias en la universidad y reiteraron su compromiso por seguir generando oportunidades de movilidad acad\u00e9mica, fortaleciendo el aprendizaje de lenguas extranjeras, as\u00ed como consolidando convenios internacionales que beneficien directamente a estudiantes y sus familias.&nbsp;<\/p>\n\n\n\n<p>El grupo, conformado por estudiantes de entre 14 y 18 a\u00f1os, fue despedido entre mensajes de aliento y muestras de entusiasmo. Con maletas en mano, abordaron el autob\u00fas universitario que marc\u00f3 el inicio de esta experiencia de inmersi\u00f3n cultural y ling\u00fc\u00edstica como parte del programa que se realiza con la Universidad de Victoria en Canad\u00e1.&nbsp;<\/p>\n\n\n\n<p>Durante la ceremonia tambi\u00e9n estuvieron presentes la directora del CeINA, Edith Maldonado D\u00edaz y personal docente del centro, as\u00ed como los instructores universitarios que acompa\u00f1ar\u00e1n al grupo durante toda su estancia, brindando acompa\u00f1amiento acad\u00e9mico y atenci\u00f3n permanente.&nbsp;<\/p>\n\n\n\n<p>Las madres, padres y familiares de los estudiantes agradecieron el respaldo institucional brindado por la Universidad mediante Familia UAT, el cual ha facilitado la participaci\u00f3n de sus hijas e hijos en esta experiencia internacional que enriquecer\u00e1 su formaci\u00f3n y ampliar\u00e1 su visi\u00f3n del mundo.&nbsp;<\/p>\n\n\n\n<p>Con este programa, la UAT reafirma su vocaci\u00f3n educativa de formar ciudadanos globales, capaces de desenvolverse en contextos multiculturales y comprometidos con su desarrollo acad\u00e9mico desde una perspectiva integral.<\/p>\n","protected":false},"excerpt":{"rendered":"En un emotivo encuentro, el rector de la Universidad Aut\u00f3noma de Tamaulipas (UAT), D\u00e1maso Anaya Alvarado y su esposa, Lic. Isolda Rend\u00f3n de Anaya, presidenta de Familia UAT, despidieron al grupo de 18 estudiantes del Centro de Idiomas para la Ni\u00f1ez y la Adolescencia (CeINA) que participan en el programa de movilidad Verano en Canad\u00e1,","protected":false},"author":1,"featured_media":3781,"comment_status":"open","ping_status":"open","sticky":false,"template":"","format":"standard","meta":{"_monsterinsights_skip_tracking":false,"_monsterinsights_sitenote_active":false,"_monsterinsights_sitenote_note":"","_monsterinsights_sitenote_category":0,"footnotes":""},"categories":[3],"tags":[],"class_list":["post-3780","post","type-post","status-publish","format-standard","has-post-thumbnail","hentry","category-noticias"],"aioseo_notices":[],"amp_enabled":true,"_links":{"self":[{"href":"https:\/\/tamaulipasmiregion.com\/index.php?rest_route=\/wp\/v2\/posts\/3780","targetHints":{"allow":["GET"]}}],"collection":[{"href":"https:\/\/tamaulipasmiregion.com\/index.php?rest_route=\/wp\/v2\/posts"}],"about":[{"href":"https:\/\/tamaulipasmiregion.com\/index.php?rest_route=\/wp\/v2\/types\/post"}],"author":[{"embeddable":true,"href":"https:\/\/tamaulipasmiregion.com\/index.php?rest_route=\/wp\/v2\/users\/1"}],"replies":[{"embeddable":true,"href":"https:\/\/tamaulipasmiregion.com\/index.php?rest_route=%2Fwp%2Fv2%2Fcomments&post=3780"}],"version-history":[{"count":2,"href":"https:\/\/tamaulipasmiregion.com\/index.php?rest_route=\/wp\/v2\/posts\/3780\/revisions"}],"predecessor-version":[{"id":3783,"href":"https:\/\/tamaulipasmiregion.com\/index.php?rest_route=\/wp\/v2\/posts\/3780\/revisions\/3783"}],"wp:featuredmedia":[{"embeddable":true,"href":"https:\/\/tamaulipasmiregion.com\/index.php?rest_route=\/wp\/v2\/media\/3781"}],"wp:attachment":[{"href":"https:\/\/tamaulipasmiregion.com\/index.php?rest_route=%2Fwp%2Fv2%2Fmedia&parent=3780"}],"wp:term":[{"taxonomy":"category","embeddable":true,"href":"https:\/\/tamaulipasmiregion.com\/index.php?rest_route=%2Fwp%2Fv2%2Fcategories&post=3780"},{"taxonomy":"post_tag","embeddable":true,"href":"https:\/\/tamaulipasmiregion.com\/index.php?rest_route=%2Fwp%2Fv2%2Ftags&post=3780"}],"curies":[{"name":"wp","href":"https:\/\/api.w.org\/{rel}","templated":true}]}}